{"id":1922,"date":"2019-11-22T15:21:00","date_gmt":"2019-11-22T20:21:00","guid":{"rendered":"https:\/\/groupeevie.com\/?p=1922"},"modified":"2023-08-16T06:26:53","modified_gmt":"2023-08-16T10:26:53","slug":"des-professionnels-francais-porteurs-de-lapproche-daccompagnement-de-proximite-dinspiration-psychoeducativemc-du-groupe-evie","status":"publish","type":"post","link":"https:\/\/groupeevie.com\/fr-fr\/espace-evie\/des-professionnels-francais-porteurs-de-lapproche-daccompagnement-de-proximite-dinspiration-psychoeducativemc-du-groupe-evie\/","title":{"rendered":"Des professionnels fran\u00e7ais porteurs de l\u2019Approche d\u2019accompagnement de proximit\u00e9 d\u2019inspiration psycho\u00e9ducative du Groupe \u00c9vie"},"content":{"rendered":"\n<div class=\"wp-block-group\"><div class=\"wp-block-group__inner-container is-layout-constrained wp-block-group-is-layout-constrained\">\n<p>Le 22 novembre 2019, \u00e0 Paris, s\u2019est termin\u00e9e l\u2019ann\u00e9e de formation sur l\u2019intervention de proximit\u00e9 d\u2019inspiration psycho\u00e9ducative offerte par le Groupe \u00c9vie gr\u00e2ce au financement et au soutien de la Direction de l\u2019offre de soins, de l\u2019autonomie et des parcours de la Mutualit\u00e9 Fran\u00e7aise (DOSAP, anciennement G\u00e9n\u00e9rations mutualistes). <\/p>\n\n\n\n<p>L\u2019ann\u00e9e 2019 aura \u00e9t\u00e9 bien charg\u00e9e pour les 30 personnes invit\u00e9es \u00e0 s\u2019interroger sur leur posture professionnelle en participant \u00e0 15 jours de formation, 6 heures de soutien \u00e0 l\u2019apprentissage et plus de 4 heures de webconf\u00e9rences. Cette formation s\u2019est conclue avec une \u00e9valuation certificative compos\u00e9e d\u2019un travail \u00e9crit, d\u2019un examen et d\u2019une mise en situation devant jury.<\/p>\n\n\n\n<p>Afin de souligner l\u2019investissement soutenu de ces professionnels au cours de la derni\u00e8re ann\u00e9e, les intervenants et leurs gestionnaires respectifs ont \u00e9t\u00e9 convi\u00e9s, dans les locaux de la Direction de la Mutualit\u00e9 Fran\u00e7aise, \u00e0 une remise officielle des attestations de participation \u00e0 la formation. Lors de cette c\u00e9r\u00e9monie haute en \u00e9motions, l\u2019intervention de proximit\u00e9 d\u2019inspiration psycho\u00e9ducative a \u00e9t\u00e9 positionn\u00e9e par la Direction de la Mutualit\u00e9 Fran\u00e7aise et les gestionnaires pr\u00e9sents comme une approche incontournable pour le suivi des personnes accompagn\u00e9es.<\/p>\n<\/div><\/div>\n\n\n\n<figure class=\"wp-block-pullquote\"><blockquote><p>\u00ab\u2009La Mutualit\u00e9 Fran\u00e7aise est v\u00e9ritablement convaincue que l\u2019introduction des concepts de l\u2019accompagnement de proximit\u00e9 d\u2019inspiration psycho\u00e9ducative dans ses \u00e9tablissements et services est d\u00e9j\u00e0 un nouvel exemple de sa capacit\u00e9 d\u2019innovation et d\u2019adaptation aux personnes accompagn\u00e9es.\u2009\u00bb<\/p><cite>Kevin Robert, Charg\u00e9 de mission m\u00e9dico-social<br><strong>Direction de l\u2019offre de soins, de l\u2019autonomie et des parcours (DOSAP)<\/strong><\/cite><\/blockquote><\/figure>\n\n\n\n<p>Les apprentissages se poursuivront aupr\u00e8s des professionnels certifi\u00e9s en 2020 gr\u00e2ce \u00e0 du soutien \u00e0 l\u2019apprentissage. Les gestionnaires des \u00e9tablissements participants, VYV Care \u2013 Pays de la Loire, Mutualit\u00e9 Fran\u00e7aise Sa\u00f4ne-et-Loire, EOVI Handicap, Mutualit\u00e9 Fonction Publique Action Sant\u00e9 Sociale (Centre de la Gabrielle), seront \u00e9galement supervis\u00e9s au cours de l\u2019ann\u00e9e 2020 afin que les environnements de travail des professionnels form\u00e9s puissent faciliter l\u2019implantation de l\u2019approche.<\/p>\n\n\n\n<p>Bien qui faille du temps pour int\u00e9grer un changement d\u2019approche professionnelle, ce projet de formation laisse entrevoir des retomb\u00e9es plus que significatives, tant pour les intervenants fran\u00e7ais que pour les personnes accompagn\u00e9es : bienveillance accrue, personne accompagn\u00e9e plac\u00e9e au c\u0153ur des d\u00e9cisions la concernant, meilleure compr\u00e9hension des enjeux de participation sociale, implication favorable des membres de l\u2019entourage et consid\u00e9ration de l\u2019environnement dans lequel \u00e9volue la personne accompagn\u00e9e. <\/p>\n\n\n\n<p>Nul doute que les acquis des derniers mois se verront ainsi consolid\u00e9s en 2020 et que l\u2019intervention de proximit\u00e9 d\u2019inspiration psycho\u00e9ducative \u00e9largira son spectre de rayonnement\u2009!<\/p>\n","protected":false},"excerpt":{"rendered":"<p>Le 22 novembre 2019, \u00e0 Paris, s\u2019est termin\u00e9e l\u2019ann\u00e9e de formation sur l\u2019intervention de proximit\u00e9 d\u2019inspiration psycho\u00e9ducative offerte par le Groupe \u00c9vie gr\u00e2ce au financement et au soutien de la [&hellip;]<\/p>\n","protected":false},"author":3,"featured_media":0,"comment_status":"closed","ping_status":"closed","sticky":false,"template":"","format":"standard","meta":{"_acf_changed":false,"inline_featured_image":false,"advgb_blocks_editor_width":"","advgb_blocks_columns_visual_guide":"","_price":"","_stock":"","_tribe_ticket_header":"","_tribe_default_ticket_provider":"","_tribe_ticket_capacity":"0","_ticket_start_date":"","_ticket_end_date":"","_tribe_ticket_show_description":"","_tribe_ticket_show_not_going":false,"_tribe_ticket_use_global_stock":"","_tribe_ticket_global_stock_level":"","_global_stock_mode":"","_global_stock_cap":"","_tribe_rsvp_for_event":"","_tribe_ticket_going_count":"","_tribe_ticket_not_going_count":"","_tribe_tickets_list":"[]","_tribe_ticket_has_attendee_info_fields":false,"footnotes":""},"categories":[68],"tags":[],"class_list":["post-1922","post","type-post","status-publish","format-standard","hentry","category-actualite"],"acf":[],"yoast_head":"<!-- This site is optimized with the Yoast SEO plugin v27.2 - https:\/\/yoast.com\/product\/yoast-seo-wordpress\/ -->\n<title>Des professionnels fran\u00e7ais porteurs de l\u2019Approche du Groupe \u00c9vie<\/title>\n<meta name=\"description\" content=\"Formation 2019 : intervention psycho\u00e9ducative. Investissement des professionnels reconnu. Approche essentielle pour le suivi des personnes.\" \/>\n<meta name=\"robots\" content=\"index, follow, max-snippet:-1, max-image-preview:large, max-video-preview:-1\" \/>\n<link rel=\"canonical\" href=\"https:\/\/groupeevie.com\/fr-fr\/espace-evie\/des-professionnels-francais-porteurs-de-lapproche-daccompagnement-de-proximite-dinspiration-psychoeducativemc-du-groupe-evie\/\" \/>\n<meta property=\"og:locale\" content=\"fr_FR\" \/>\n<meta property=\"og:type\" content=\"article\" \/>\n<meta property=\"og:title\" content=\"Des professionnels fran\u00e7ais porteurs de l\u2019Approche du Groupe \u00c9vie\" \/>\n<meta property=\"og:description\" content=\"Formation 2019 : intervention psycho\u00e9ducative. Investissement des professionnels reconnu. Approche essentielle pour le suivi des personnes.\" \/>\n<meta property=\"og:url\" content=\"https:\/\/groupeevie.com\/fr-fr\/espace-evie\/des-professionnels-francais-porteurs-de-lapproche-daccompagnement-de-proximite-dinspiration-psychoeducativemc-du-groupe-evie\/\" \/>\n<meta property=\"og:site_name\" content=\"Groupe \u00c9vie\" \/>\n<meta property=\"article:published_time\" content=\"2019-11-22T20:21:00+00:00\" \/>\n<meta property=\"article:modified_time\" content=\"2023-08-16T10:26:53+00:00\" \/>\n<meta name=\"author\" content=\"EmilieCuffia\" \/>\n<meta name=\"twitter:card\" content=\"summary_large_image\" \/>\n<meta name=\"twitter:label1\" content=\"\u00c9crit par\" \/>\n\t<meta name=\"twitter:data1\" content=\"EmilieCuffia\" \/>\n\t<meta name=\"twitter:label2\" content=\"Dur\u00e9e de lecture estim\u00e9e\" \/>\n\t<meta name=\"twitter:data2\" content=\"3 minutes\" \/>\n<script type=\"application\/ld+json\" class=\"yoast-schema-graph\">{\"@context\":\"https:\/\/schema.org\",\"@graph\":[{\"@type\":\"Article\",\"@id\":\"https:\/\/groupeevie.com\/fr-fr\/espace-evie\/des-professionnels-francais-porteurs-de-lapproche-daccompagnement-de-proximite-dinspiration-psychoeducativemc-du-groupe-evie\/#article\",\"isPartOf\":{\"@id\":\"https:\/\/groupeevie.com\/fr-fr\/espace-evie\/des-professionnels-francais-porteurs-de-lapproche-daccompagnement-de-proximite-dinspiration-psychoeducativemc-du-groupe-evie\/\"},\"author\":{\"name\":\"EmilieCuffia\",\"@id\":\"https:\/\/groupeevie.com\/fr-fr\/#\/schema\/person\/aae5f69808e33c6fc801f41184cfeb49\"},\"headline\":\"Des professionnels fran\u00e7ais porteurs de l\u2019Approche d\u2019accompagnement de proximit\u00e9 d\u2019inspiration psycho\u00e9ducative du Groupe \u00c9vie\",\"datePublished\":\"2019-11-22T20:21:00+00:00\",\"dateModified\":\"2023-08-16T10:26:53+00:00\",\"mainEntityOfPage\":{\"@id\":\"https:\/\/groupeevie.com\/fr-fr\/espace-evie\/des-professionnels-francais-porteurs-de-lapproche-daccompagnement-de-proximite-dinspiration-psychoeducativemc-du-groupe-evie\/\"},\"wordCount\":477,\"publisher\":{\"@id\":\"https:\/\/groupeevie.com\/fr-fr\/#organization\"},\"articleSection\":[\"Actualit\u00e9\"],\"inLanguage\":\"fr-FR\"},{\"@type\":\"WebPage\",\"@id\":\"https:\/\/groupeevie.com\/fr-fr\/espace-evie\/des-professionnels-francais-porteurs-de-lapproche-daccompagnement-de-proximite-dinspiration-psychoeducativemc-du-groupe-evie\/\",\"url\":\"https:\/\/groupeevie.com\/fr-fr\/espace-evie\/des-professionnels-francais-porteurs-de-lapproche-daccompagnement-de-proximite-dinspiration-psychoeducativemc-du-groupe-evie\/\",\"name\":\"Des professionnels fran\u00e7ais porteurs de l\u2019Approche du Groupe \u00c9vie\",\"isPartOf\":{\"@id\":\"https:\/\/groupeevie.com\/fr-fr\/#website\"},\"datePublished\":\"2019-11-22T20:21:00+00:00\",\"dateModified\":\"2023-08-16T10:26:53+00:00\",\"description\":\"Formation 2019 : intervention psycho\u00e9ducative. Investissement des professionnels reconnu. Approche essentielle pour le suivi des personnes.\",\"breadcrumb\":{\"@id\":\"https:\/\/groupeevie.com\/fr-fr\/espace-evie\/des-professionnels-francais-porteurs-de-lapproche-daccompagnement-de-proximite-dinspiration-psychoeducativemc-du-groupe-evie\/#breadcrumb\"},\"inLanguage\":\"fr-FR\",\"potentialAction\":[{\"@type\":\"ReadAction\",\"target\":[\"https:\/\/groupeevie.com\/fr-fr\/espace-evie\/des-professionnels-francais-porteurs-de-lapproche-daccompagnement-de-proximite-dinspiration-psychoeducativemc-du-groupe-evie\/\"]}]},{\"@type\":\"BreadcrumbList\",\"@id\":\"https:\/\/groupeevie.com\/fr-fr\/espace-evie\/des-professionnels-francais-porteurs-de-lapproche-daccompagnement-de-proximite-dinspiration-psychoeducativemc-du-groupe-evie\/#breadcrumb\",\"itemListElement\":[{\"@type\":\"ListItem\",\"position\":1,\"name\":\"Actualit\u00e9\",\"item\":\"https:\/\/groupeevie.com\/fr-fr\/espace-evie\/category\/actualite\/\"},{\"@type\":\"ListItem\",\"position\":2,\"name\":\"Des professionnels fran\u00e7ais porteurs de l\u2019Approche d\u2019accompagnement de proximit\u00e9 d\u2019inspiration psycho\u00e9ducative du Groupe \u00c9vie\"}]},{\"@type\":\"WebSite\",\"@id\":\"https:\/\/groupeevie.com\/fr-fr\/#website\",\"url\":\"https:\/\/groupeevie.com\/fr-fr\/\",\"name\":\"Groupe \u00c9vie\",\"description\":\"Au coeur de la sant\u00e9 mentale\",\"publisher\":{\"@id\":\"https:\/\/groupeevie.com\/fr-fr\/#organization\"},\"potentialAction\":[{\"@type\":\"SearchAction\",\"target\":{\"@type\":\"EntryPoint\",\"urlTemplate\":\"https:\/\/groupeevie.com\/fr-fr\/?s={search_term_string}\"},\"query-input\":{\"@type\":\"PropertyValueSpecification\",\"valueRequired\":true,\"valueName\":\"search_term_string\"}}],\"inLanguage\":\"fr-FR\"},{\"@type\":\"Organization\",\"@id\":\"https:\/\/groupeevie.com\/fr-fr\/#organization\",\"name\":\"Groupe \u00c9vie\",\"url\":\"https:\/\/groupeevie.com\/fr-fr\/\",\"logo\":{\"@type\":\"ImageObject\",\"inLanguage\":\"fr-FR\",\"@id\":\"https:\/\/groupeevie.com\/fr-fr\/#\/schema\/logo\/image\/\",\"url\":\"https:\/\/groupeevie.com\/wp-content\/uploads\/2022\/05\/EVIE-logo_rvb-2.png\",\"contentUrl\":\"https:\/\/groupeevie.com\/wp-content\/uploads\/2022\/05\/EVIE-logo_rvb-2.png\",\"width\":1414,\"height\":611,\"caption\":\"Groupe \u00c9vie\"},\"image\":{\"@id\":\"https:\/\/groupeevie.com\/fr-fr\/#\/schema\/logo\/image\/\"}},{\"@type\":\"Person\",\"@id\":\"https:\/\/groupeevie.com\/fr-fr\/#\/schema\/person\/aae5f69808e33c6fc801f41184cfeb49\",\"name\":\"EmilieCuffia\",\"url\":\"https:\/\/groupeevie.com\/fr-fr\/espace-evie\/author\/emiliecuffia\/\"}]}<\/script>\n<!-- \/ Yoast SEO plugin. -->","yoast_head_json":{"title":"Des professionnels fran\u00e7ais porteurs de l\u2019Approche du Groupe \u00c9vie","description":"Formation 2019 : intervention psycho\u00e9ducative. Investissement des professionnels reconnu. Approche essentielle pour le suivi des personnes.","robots":{"index":"index","follow":"follow","max-snippet":"max-snippet:-1","max-image-preview":"max-image-preview:large","max-video-preview":"max-video-preview:-1"},"canonical":"https:\/\/groupeevie.com\/fr-fr\/espace-evie\/des-professionnels-francais-porteurs-de-lapproche-daccompagnement-de-proximite-dinspiration-psychoeducativemc-du-groupe-evie\/","og_locale":"fr_FR","og_type":"article","og_title":"Des professionnels fran\u00e7ais porteurs de l\u2019Approche du Groupe \u00c9vie","og_description":"Formation 2019 : intervention psycho\u00e9ducative. Investissement des professionnels reconnu. Approche essentielle pour le suivi des personnes.","og_url":"https:\/\/groupeevie.com\/fr-fr\/espace-evie\/des-professionnels-francais-porteurs-de-lapproche-daccompagnement-de-proximite-dinspiration-psychoeducativemc-du-groupe-evie\/","og_site_name":"Groupe \u00c9vie","article_published_time":"2019-11-22T20:21:00+00:00","article_modified_time":"2023-08-16T10:26:53+00:00","author":"EmilieCuffia","twitter_card":"summary_large_image","twitter_misc":{"\u00c9crit par":"EmilieCuffia","Dur\u00e9e de lecture estim\u00e9e":"3 minutes"},"schema":{"@context":"https:\/\/schema.org","@graph":[{"@type":"Article","@id":"https:\/\/groupeevie.com\/fr-fr\/espace-evie\/des-professionnels-francais-porteurs-de-lapproche-daccompagnement-de-proximite-dinspiration-psychoeducativemc-du-groupe-evie\/#article","isPartOf":{"@id":"https:\/\/groupeevie.com\/fr-fr\/espace-evie\/des-professionnels-francais-porteurs-de-lapproche-daccompagnement-de-proximite-dinspiration-psychoeducativemc-du-groupe-evie\/"},"author":{"name":"EmilieCuffia","@id":"https:\/\/groupeevie.com\/fr-fr\/#\/schema\/person\/aae5f69808e33c6fc801f41184cfeb49"},"headline":"Des professionnels fran\u00e7ais porteurs de l\u2019Approche d\u2019accompagnement de proximit\u00e9 d\u2019inspiration psycho\u00e9ducative du Groupe \u00c9vie","datePublished":"2019-11-22T20:21:00+00:00","dateModified":"2023-08-16T10:26:53+00:00","mainEntityOfPage":{"@id":"https:\/\/groupeevie.com\/fr-fr\/espace-evie\/des-professionnels-francais-porteurs-de-lapproche-daccompagnement-de-proximite-dinspiration-psychoeducativemc-du-groupe-evie\/"},"wordCount":477,"publisher":{"@id":"https:\/\/groupeevie.com\/fr-fr\/#organization"},"articleSection":["Actualit\u00e9"],"inLanguage":"fr-FR"},{"@type":"WebPage","@id":"https:\/\/groupeevie.com\/fr-fr\/espace-evie\/des-professionnels-francais-porteurs-de-lapproche-daccompagnement-de-proximite-dinspiration-psychoeducativemc-du-groupe-evie\/","url":"https:\/\/groupeevie.com\/fr-fr\/espace-evie\/des-professionnels-francais-porteurs-de-lapproche-daccompagnement-de-proximite-dinspiration-psychoeducativemc-du-groupe-evie\/","name":"Des professionnels fran\u00e7ais porteurs de l\u2019Approche du Groupe \u00c9vie","isPartOf":{"@id":"https:\/\/groupeevie.com\/fr-fr\/#website"},"datePublished":"2019-11-22T20:21:00+00:00","dateModified":"2023-08-16T10:26:53+00:00","description":"Formation 2019 : intervention psycho\u00e9ducative. Investissement des professionnels reconnu. Approche essentielle pour le suivi des personnes.","breadcrumb":{"@id":"https:\/\/groupeevie.com\/fr-fr\/espace-evie\/des-professionnels-francais-porteurs-de-lapproche-daccompagnement-de-proximite-dinspiration-psychoeducativemc-du-groupe-evie\/#breadcrumb"},"inLanguage":"fr-FR","potentialAction":[{"@type":"ReadAction","target":["https:\/\/groupeevie.com\/fr-fr\/espace-evie\/des-professionnels-francais-porteurs-de-lapproche-daccompagnement-de-proximite-dinspiration-psychoeducativemc-du-groupe-evie\/"]}]},{"@type":"BreadcrumbList","@id":"https:\/\/groupeevie.com\/fr-fr\/espace-evie\/des-professionnels-francais-porteurs-de-lapproche-daccompagnement-de-proximite-dinspiration-psychoeducativemc-du-groupe-evie\/#breadcrumb","itemListElement":[{"@type":"ListItem","position":1,"name":"Actualit\u00e9","item":"https:\/\/groupeevie.com\/fr-fr\/espace-evie\/category\/actualite\/"},{"@type":"ListItem","position":2,"name":"Des professionnels fran\u00e7ais porteurs de l\u2019Approche d\u2019accompagnement de proximit\u00e9 d\u2019inspiration psycho\u00e9ducative du Groupe \u00c9vie"}]},{"@type":"WebSite","@id":"https:\/\/groupeevie.com\/fr-fr\/#website","url":"https:\/\/groupeevie.com\/fr-fr\/","name":"Groupe \u00c9vie","description":"Au coeur de la sant\u00e9 mentale","publisher":{"@id":"https:\/\/groupeevie.com\/fr-fr\/#organization"},"potentialAction":[{"@type":"SearchAction","target":{"@type":"EntryPoint","urlTemplate":"https:\/\/groupeevie.com\/fr-fr\/?s={search_term_string}"},"query-input":{"@type":"PropertyValueSpecification","valueRequired":true,"valueName":"search_term_string"}}],"inLanguage":"fr-FR"},{"@type":"Organization","@id":"https:\/\/groupeevie.com\/fr-fr\/#organization","name":"Groupe \u00c9vie","url":"https:\/\/groupeevie.com\/fr-fr\/","logo":{"@type":"ImageObject","inLanguage":"fr-FR","@id":"https:\/\/groupeevie.com\/fr-fr\/#\/schema\/logo\/image\/","url":"https:\/\/groupeevie.com\/wp-content\/uploads\/2022\/05\/EVIE-logo_rvb-2.png","contentUrl":"https:\/\/groupeevie.com\/wp-content\/uploads\/2022\/05\/EVIE-logo_rvb-2.png","width":1414,"height":611,"caption":"Groupe \u00c9vie"},"image":{"@id":"https:\/\/groupeevie.com\/fr-fr\/#\/schema\/logo\/image\/"}},{"@type":"Person","@id":"https:\/\/groupeevie.com\/fr-fr\/#\/schema\/person\/aae5f69808e33c6fc801f41184cfeb49","name":"EmilieCuffia","url":"https:\/\/groupeevie.com\/fr-fr\/espace-evie\/author\/emiliecuffia\/"}]}},"author_meta":{"display_name":"EmilieCuffia","author_link":"https:\/\/groupeevie.com\/fr-fr\/espace-evie\/author\/emiliecuffia\/"},"featured_img":null,"coauthors":[],"tax_additional":{"categories":{"linked":["<a href=\"https:\/\/groupeevie.com\/fr-fr\/espace-evie\/category\/actualite\/\" class=\"advgb-post-tax-term\">Actualit\u00e9<\/a>"],"unlinked":["<span class=\"advgb-post-tax-term\">Actualit\u00e9<\/span>"]}},"comment_count":"0","relative_dates":{"created":"Publi\u00e9 6 ans il y a","modified":"Mis \u00e0 jour 3 ans il y a"},"absolute_dates":{"created":"Publi\u00e9 le 22 novembre 2019","modified":"Mise \u00e0 jour le 16 ao\u00fbt 2023"},"absolute_dates_time":{"created":"Publi\u00e9 le 22 novembre 2019 15h21","modified":"Mise \u00e0 jour le 16 ao\u00fbt 2023 6h26"},"featured_img_caption":"","series_order":"","_links":{"self":[{"href":"https:\/\/groupeevie.com\/fr-fr\/wp-json\/wp\/v2\/posts\/1922","targetHints":{"allow":["GET"]}}],"collection":[{"href":"https:\/\/groupeevie.com\/fr-fr\/wp-json\/wp\/v2\/posts"}],"about":[{"href":"https:\/\/groupeevie.com\/fr-fr\/wp-json\/wp\/v2\/types\/post"}],"author":[{"embeddable":true,"href":"https:\/\/groupeevie.com\/fr-fr\/wp-json\/wp\/v2\/users\/3"}],"replies":[{"embeddable":true,"href":"https:\/\/groupeevie.com\/fr-fr\/wp-json\/wp\/v2\/comments?post=1922"}],"version-history":[{"count":3,"href":"https:\/\/groupeevie.com\/fr-fr\/wp-json\/wp\/v2\/posts\/1922\/revisions"}],"predecessor-version":[{"id":2108,"href":"https:\/\/groupeevie.com\/fr-fr\/wp-json\/wp\/v2\/posts\/1922\/revisions\/2108"}],"wp:attachment":[{"href":"https:\/\/groupeevie.com\/fr-fr\/wp-json\/wp\/v2\/media?parent=1922"}],"wp:term":[{"taxonomy":"category","embeddable":true,"href":"https:\/\/groupeevie.com\/fr-fr\/wp-json\/wp\/v2\/categories?post=1922"},{"taxonomy":"post_tag","embeddable":true,"href":"https:\/\/groupeevie.com\/fr-fr\/wp-json\/wp\/v2\/tags?post=1922"}],"curies":[{"name":"wp","href":"https:\/\/api.w.org\/{rel}","templated":true}]}}