{"id":5485,"date":"2025-01-16T06:03:41","date_gmt":"2025-01-16T11:03:41","guid":{"rendered":"https:\/\/groupeevie.com\/?p=5485"},"modified":"2025-01-16T06:05:26","modified_gmt":"2025-01-16T11:05:26","slug":"un-nouveau-regard-sur-laccompagnement-lexperience-irsam-avec-lapproche-daccompagnement-de-proximite-dinspiration-psychoeducative","status":"publish","type":"post","link":"https:\/\/groupeevie.com\/fr-fr\/espace-evie\/un-nouveau-regard-sur-laccompagnement-lexperience-irsam-avec-lapproche-daccompagnement-de-proximite-dinspiration-psychoeducative\/","title":{"rendered":"Un nouveau regard sur l\u2019accompagnement : l\u2019exp\u00e9rience IRSAM avec l\u2019Approche d\u2019accompagnement de proximit\u00e9 d\u2019inspiration psycho\u00e9ducative"},"content":{"rendered":"\n<div class=\"wp-block-group content-block\"><div class=\"wp-block-group__inner-container is-layout-constrained wp-block-group-is-layout-constrained\">\n<p>Le 23 octobre dernier, l\u2019\u00e9quipe de l\u2019Arc-en-Ciel (administratifs, logistiques et surveillants de nuit) a particip\u00e9 \u00e0 une demi-journ\u00e9e de formation cl\u00f4turant un cycle ambitieux de quatre ann\u00e9es de formation \u00e0 l\u2019<a href=\"https:\/\/groupeevie.com\/fr-fr\/parcours-de-formation\/formation-aapip\/\">Approche d\u2019accompagnement de proximit\u00e9 d\u2019inspiration psycho\u00e9ducative<\/a> du Groupe \u00c9vie. Dans son article intitul\u00e9<a href=\"https:\/\/www.irsam.fr\/arcenciel\/2024\/10\/24\/un-nouveau-regard-sur-laccompagnement\/\" target=\"_blank\" rel=\"noreferrer noopener\"> <em>Un nouveau regard sur l\u2019accompagnement<\/em><\/a> publi\u00e9 le 24 octobre 2024, l\u2019IRSAM met en lumi\u00e8re cette \u00e9tape majeure ainsi que les principes cl\u00e9s de l\u2019approche : la valorisation des capacit\u00e9s, l\u2019autod\u00e9termination et l\u2019optimisation des leviers environnementaux pour les personnes accompagn\u00e9es.<\/p>\n\n\n\n<p>Nous sommes fiers d\u2019avoir collabor\u00e9 avec l\u2019IRSAM et de constater \u00e0 quel point cette d\u00e9marche de formation a renforc\u00e9 les pratiques professionnelles de leurs \u00e9quipes. L\u2019Arc-en-Ciel s\u2019est pleinement engag\u00e9 dans la mise en \u0153uvre de cette approche, d\u00e9montrant ainsi sa volont\u00e9 de placer la personne au c\u0153ur de l\u2019intervention. Dans son article, l\u2019IRSAM t\u00e9moigne \u00e9galement de la satisfaction et de la reconnaissance mutuelle entre nos deux organisations, soulign\u00e9es par la remise, par Marc Prenevost (pr\u00e9sident du Groupe \u00c9vie), d\u2019une \u0153uvre symbolisant l\u2019importance du respect des singularit\u00e9s de chacun.<\/p>\n\n\n\n<p>Pour en savoir plus sur cette formation : <a href=\"https:\/\/groupeevie.com\/fr-fr\/parcours-de-formation\/formation-aapip\/\">Groupe \u00c9vie |&nbsp;Formation \u00e0 l&rsquo;Approche d&rsquo;inspiration psycho\u00e9ducative<\/a> <br>Lire l\u2019int\u00e9gralit\u00e9 de l\u2019article de l\u2019IRSAM, consultez : <a>Un nouveau regard sur l\u2019accompagnement (24 octobre 2024)<\/a><\/p>\n\n\n\n<p>Nous remercions chaleureusement l\u2019IRSAM pour sa confiance et son engagement envers une approche qui valorise autant les individus que leurs ressources, contribuant ainsi \u00e0 un accompagnement de proximit\u00e9 empreint de sens et de respect.<\/p>\n\n\n\n<figure class=\"wp-block-image size-large\"><img decoding=\"async\" width=\"1024\" height=\"474\" src=\"https:\/\/groupeevie.com\/wp-content\/uploads\/2025\/01\/Screenshot-2025-01-16-110230-1024x474.png\" alt=\"\" class=\"wp-image-5482\" srcset=\"https:\/\/groupeevie.com\/wp-content\/uploads\/2025\/01\/Screenshot-2025-01-16-110230-1024x474.png 1024w, https:\/\/groupeevie.com\/wp-content\/uploads\/2025\/01\/Screenshot-2025-01-16-110230-300x139.png 300w, https:\/\/groupeevie.com\/wp-content\/uploads\/2025\/01\/Screenshot-2025-01-16-110230-768x356.png 768w, https:\/\/groupeevie.com\/wp-content\/uploads\/2025\/01\/Screenshot-2025-01-16-110230-1536x712.png 1536w, https:\/\/groupeevie.com\/wp-content\/uploads\/2025\/01\/Screenshot-2025-01-16-110230-1568x726.png 1568w, https:\/\/groupeevie.com\/wp-content\/uploads\/2025\/01\/Screenshot-2025-01-16-110230.png 1904w\" sizes=\"(max-width: 1024px) 100vw, 1024px\" \/><\/figure>\n<\/div><\/div>\n","protected":false},"excerpt":{"rendered":"<p>Le 23 octobre dernier, l\u2019\u00e9quipe de l\u2019Arc-en-Ciel (administratifs, logistiques et surveillants de nuit) a particip\u00e9 \u00e0 une demi-journ\u00e9e de formation cl\u00f4turant un cycle ambitieux de quatre ann\u00e9es de formation \u00e0 [&hellip;]<\/p>\n","protected":false},"author":3,"featured_media":5483,"comment_status":"closed","ping_status":"closed","sticky":false,"template":"","format":"standard","meta":{"_acf_changed":false,"inline_featured_image":false,"advgb_blocks_editor_width":"","advgb_blocks_columns_visual_guide":"","_price":"","_stock":"","_tribe_ticket_header":"","_tribe_default_ticket_provider":"","_tribe_ticket_capacity":"0","_ticket_start_date":"","_ticket_end_date":"","_tribe_ticket_show_description":"","_tribe_ticket_show_not_going":false,"_tribe_ticket_use_global_stock":"","_tribe_ticket_global_stock_level":"","_global_stock_mode":"","_global_stock_cap":"","_tribe_rsvp_for_event":"","_tribe_ticket_going_count":"","_tribe_ticket_not_going_count":"","_tribe_tickets_list":"[]","_tribe_ticket_has_attendee_info_fields":false,"footnotes":""},"categories":[68],"tags":[],"class_list":["post-5485","post","type-post","status-publish","format-standard","has-post-thumbnail","hentry","category-actualite"],"acf":[],"yoast_head":"<!-- This site is optimized with the Yoast SEO plugin v27.2 - https:\/\/yoast.com\/product\/yoast-seo-wordpress\/ -->\n<title>Un nouveau regard sur l\u2019accompagnement : l\u2019exp\u00e9rience IRSAM avec l\u2019Approche d\u2019accompagnement de proximit\u00e9 d\u2019inspiration psycho\u00e9ducative - Groupe \u00c9vie<\/title>\n<meta name=\"robots\" content=\"index, follow, max-snippet:-1, max-image-preview:large, max-video-preview:-1\" \/>\n<link rel=\"canonical\" href=\"https:\/\/groupeevie.com\/fr-fr\/espace-evie\/un-nouveau-regard-sur-laccompagnement-lexperience-irsam-avec-lapproche-daccompagnement-de-proximite-dinspiration-psychoeducative\/\" \/>\n<meta property=\"og:locale\" content=\"fr_FR\" \/>\n<meta property=\"og:type\" content=\"article\" \/>\n<meta property=\"og:title\" content=\"Un nouveau regard sur l\u2019accompagnement : l\u2019exp\u00e9rience IRSAM avec l\u2019Approche d\u2019accompagnement de proximit\u00e9 d\u2019inspiration psycho\u00e9ducative - Groupe \u00c9vie\" \/>\n<meta property=\"og:description\" content=\"Le 23 octobre dernier, l\u2019\u00e9quipe de l\u2019Arc-en-Ciel (administratifs, logistiques et surveillants de nuit) a particip\u00e9 \u00e0 une demi-journ\u00e9e de formation cl\u00f4turant un cycle ambitieux de quatre ann\u00e9es de formation \u00e0 [&hellip;]\" \/>\n<meta property=\"og:url\" content=\"https:\/\/groupeevie.com\/fr-fr\/espace-evie\/un-nouveau-regard-sur-laccompagnement-lexperience-irsam-avec-lapproche-daccompagnement-de-proximite-dinspiration-psychoeducative\/\" \/>\n<meta property=\"og:site_name\" content=\"Groupe \u00c9vie\" \/>\n<meta property=\"article:published_time\" content=\"2025-01-16T11:03:41+00:00\" \/>\n<meta property=\"article:modified_time\" content=\"2025-01-16T11:05:26+00:00\" \/>\n<meta property=\"og:image\" content=\"https:\/\/groupeevie.com\/wp-content\/uploads\/2025\/01\/Screenshot-2025-01-16-110230.png\" \/>\n\t<meta property=\"og:image:width\" content=\"1904\" \/>\n\t<meta property=\"og:image:height\" content=\"882\" \/>\n\t<meta property=\"og:image:type\" content=\"image\/png\" \/>\n<meta name=\"author\" content=\"EmilieCuffia\" \/>\n<meta name=\"twitter:card\" content=\"summary_large_image\" \/>\n<meta name=\"twitter:label1\" content=\"\u00c9crit par\" \/>\n\t<meta name=\"twitter:data1\" content=\"EmilieCuffia\" \/>\n\t<meta name=\"twitter:label2\" content=\"Dur\u00e9e de lecture estim\u00e9e\" \/>\n\t<meta name=\"twitter:data2\" content=\"2 minutes\" \/>\n<script type=\"application\/ld+json\" class=\"yoast-schema-graph\">{\"@context\":\"https:\/\/schema.org\",\"@graph\":[{\"@type\":\"Article\",\"@id\":\"https:\/\/groupeevie.com\/fr-fr\/espace-evie\/un-nouveau-regard-sur-laccompagnement-lexperience-irsam-avec-lapproche-daccompagnement-de-proximite-dinspiration-psychoeducative\/#article\",\"isPartOf\":{\"@id\":\"https:\/\/groupeevie.com\/fr-fr\/espace-evie\/un-nouveau-regard-sur-laccompagnement-lexperience-irsam-avec-lapproche-daccompagnement-de-proximite-dinspiration-psychoeducative\/\"},\"author\":{\"name\":\"EmilieCuffia\",\"@id\":\"https:\/\/groupeevie.com\/fr-fr\/#\/schema\/person\/aae5f69808e33c6fc801f41184cfeb49\"},\"headline\":\"Un nouveau regard sur l\u2019accompagnement : l\u2019exp\u00e9rience IRSAM avec l\u2019Approche d\u2019accompagnement de proximit\u00e9 d\u2019inspiration psycho\u00e9ducative\",\"datePublished\":\"2025-01-16T11:03:41+00:00\",\"dateModified\":\"2025-01-16T11:05:26+00:00\",\"mainEntityOfPage\":{\"@id\":\"https:\/\/groupeevie.com\/fr-fr\/espace-evie\/un-nouveau-regard-sur-laccompagnement-lexperience-irsam-avec-lapproche-daccompagnement-de-proximite-dinspiration-psychoeducative\/\"},\"wordCount\":287,\"publisher\":{\"@id\":\"https:\/\/groupeevie.com\/fr-fr\/#organization\"},\"image\":{\"@id\":\"https:\/\/groupeevie.com\/fr-fr\/espace-evie\/un-nouveau-regard-sur-laccompagnement-lexperience-irsam-avec-lapproche-daccompagnement-de-proximite-dinspiration-psychoeducative\/#primaryimage\"},\"thumbnailUrl\":\"https:\/\/groupeevie.com\/wp-content\/uploads\/2025\/01\/Screenshot-2025-01-16-110230.png\",\"articleSection\":[\"Actualit\u00e9\"],\"inLanguage\":\"fr-FR\"},{\"@type\":\"WebPage\",\"@id\":\"https:\/\/groupeevie.com\/fr-fr\/espace-evie\/un-nouveau-regard-sur-laccompagnement-lexperience-irsam-avec-lapproche-daccompagnement-de-proximite-dinspiration-psychoeducative\/\",\"url\":\"https:\/\/groupeevie.com\/fr-fr\/espace-evie\/un-nouveau-regard-sur-laccompagnement-lexperience-irsam-avec-lapproche-daccompagnement-de-proximite-dinspiration-psychoeducative\/\",\"name\":\"Un nouveau regard sur l\u2019accompagnement : l\u2019exp\u00e9rience IRSAM avec l\u2019Approche d\u2019accompagnement de proximit\u00e9 d\u2019inspiration psycho\u00e9ducative - Groupe \u00c9vie\",\"isPartOf\":{\"@id\":\"https:\/\/groupeevie.com\/fr-fr\/#website\"},\"primaryImageOfPage\":{\"@id\":\"https:\/\/groupeevie.com\/fr-fr\/espace-evie\/un-nouveau-regard-sur-laccompagnement-lexperience-irsam-avec-lapproche-daccompagnement-de-proximite-dinspiration-psychoeducative\/#primaryimage\"},\"image\":{\"@id\":\"https:\/\/groupeevie.com\/fr-fr\/espace-evie\/un-nouveau-regard-sur-laccompagnement-lexperience-irsam-avec-lapproche-daccompagnement-de-proximite-dinspiration-psychoeducative\/#primaryimage\"},\"thumbnailUrl\":\"https:\/\/groupeevie.com\/wp-content\/uploads\/2025\/01\/Screenshot-2025-01-16-110230.png\",\"datePublished\":\"2025-01-16T11:03:41+00:00\",\"dateModified\":\"2025-01-16T11:05:26+00:00\",\"breadcrumb\":{\"@id\":\"https:\/\/groupeevie.com\/fr-fr\/espace-evie\/un-nouveau-regard-sur-laccompagnement-lexperience-irsam-avec-lapproche-daccompagnement-de-proximite-dinspiration-psychoeducative\/#breadcrumb\"},\"inLanguage\":\"fr-FR\",\"potentialAction\":[{\"@type\":\"ReadAction\",\"target\":[\"https:\/\/groupeevie.com\/fr-fr\/espace-evie\/un-nouveau-regard-sur-laccompagnement-lexperience-irsam-avec-lapproche-daccompagnement-de-proximite-dinspiration-psychoeducative\/\"]}]},{\"@type\":\"ImageObject\",\"inLanguage\":\"fr-FR\",\"@id\":\"https:\/\/groupeevie.com\/fr-fr\/espace-evie\/un-nouveau-regard-sur-laccompagnement-lexperience-irsam-avec-lapproche-daccompagnement-de-proximite-dinspiration-psychoeducative\/#primaryimage\",\"url\":\"https:\/\/groupeevie.com\/wp-content\/uploads\/2025\/01\/Screenshot-2025-01-16-110230.png\",\"contentUrl\":\"https:\/\/groupeevie.com\/wp-content\/uploads\/2025\/01\/Screenshot-2025-01-16-110230.png\",\"width\":1904,\"height\":882},{\"@type\":\"BreadcrumbList\",\"@id\":\"https:\/\/groupeevie.com\/fr-fr\/espace-evie\/un-nouveau-regard-sur-laccompagnement-lexperience-irsam-avec-lapproche-daccompagnement-de-proximite-dinspiration-psychoeducative\/#breadcrumb\",\"itemListElement\":[{\"@type\":\"ListItem\",\"position\":1,\"name\":\"Actualit\u00e9\",\"item\":\"https:\/\/groupeevie.com\/fr-fr\/espace-evie\/category\/actualite\/\"},{\"@type\":\"ListItem\",\"position\":2,\"name\":\"Un nouveau regard sur l\u2019accompagnement : l\u2019exp\u00e9rience IRSAM avec l\u2019Approche d\u2019accompagnement de proximit\u00e9 d\u2019inspiration psycho\u00e9ducative\"}]},{\"@type\":\"WebSite\",\"@id\":\"https:\/\/groupeevie.com\/fr-fr\/#website\",\"url\":\"https:\/\/groupeevie.com\/fr-fr\/\",\"name\":\"Groupe \u00c9vie\",\"description\":\"Au coeur de la sant\u00e9 mentale\",\"publisher\":{\"@id\":\"https:\/\/groupeevie.com\/fr-fr\/#organization\"},\"potentialAction\":[{\"@type\":\"SearchAction\",\"target\":{\"@type\":\"EntryPoint\",\"urlTemplate\":\"https:\/\/groupeevie.com\/fr-fr\/?s={search_term_string}\"},\"query-input\":{\"@type\":\"PropertyValueSpecification\",\"valueRequired\":true,\"valueName\":\"search_term_string\"}}],\"inLanguage\":\"fr-FR\"},{\"@type\":\"Organization\",\"@id\":\"https:\/\/groupeevie.com\/fr-fr\/#organization\",\"name\":\"Groupe \u00c9vie\",\"url\":\"https:\/\/groupeevie.com\/fr-fr\/\",\"logo\":{\"@type\":\"ImageObject\",\"inLanguage\":\"fr-FR\",\"@id\":\"https:\/\/groupeevie.com\/fr-fr\/#\/schema\/logo\/image\/\",\"url\":\"https:\/\/groupeevie.com\/wp-content\/uploads\/2022\/05\/EVIE-logo_rvb-2.png\",\"contentUrl\":\"https:\/\/groupeevie.com\/wp-content\/uploads\/2022\/05\/EVIE-logo_rvb-2.png\",\"width\":1414,\"height\":611,\"caption\":\"Groupe \u00c9vie\"},\"image\":{\"@id\":\"https:\/\/groupeevie.com\/fr-fr\/#\/schema\/logo\/image\/\"}},{\"@type\":\"Person\",\"@id\":\"https:\/\/groupeevie.com\/fr-fr\/#\/schema\/person\/aae5f69808e33c6fc801f41184cfeb49\",\"name\":\"EmilieCuffia\",\"url\":\"https:\/\/groupeevie.com\/fr-fr\/espace-evie\/author\/emiliecuffia\/\"}]}<\/script>\n<!-- \/ Yoast SEO plugin. -->","yoast_head_json":{"title":"Un nouveau regard sur l\u2019accompagnement : l\u2019exp\u00e9rience IRSAM avec l\u2019Approche d\u2019accompagnement de proximit\u00e9 d\u2019inspiration psycho\u00e9ducative - Groupe \u00c9vie","robots":{"index":"index","follow":"follow","max-snippet":"max-snippet:-1","max-image-preview":"max-image-preview:large","max-video-preview":"max-video-preview:-1"},"canonical":"https:\/\/groupeevie.com\/fr-fr\/espace-evie\/un-nouveau-regard-sur-laccompagnement-lexperience-irsam-avec-lapproche-daccompagnement-de-proximite-dinspiration-psychoeducative\/","og_locale":"fr_FR","og_type":"article","og_title":"Un nouveau regard sur l\u2019accompagnement : l\u2019exp\u00e9rience IRSAM avec l\u2019Approche d\u2019accompagnement de proximit\u00e9 d\u2019inspiration psycho\u00e9ducative - Groupe \u00c9vie","og_description":"Le 23 octobre dernier, l\u2019\u00e9quipe de l\u2019Arc-en-Ciel (administratifs, logistiques et surveillants de nuit) a particip\u00e9 \u00e0 une demi-journ\u00e9e de formation cl\u00f4turant un cycle ambitieux de quatre ann\u00e9es de formation \u00e0 [&hellip;]","og_url":"https:\/\/groupeevie.com\/fr-fr\/espace-evie\/un-nouveau-regard-sur-laccompagnement-lexperience-irsam-avec-lapproche-daccompagnement-de-proximite-dinspiration-psychoeducative\/","og_site_name":"Groupe \u00c9vie","article_published_time":"2025-01-16T11:03:41+00:00","article_modified_time":"2025-01-16T11:05:26+00:00","og_image":[{"width":1904,"height":882,"url":"https:\/\/groupeevie.com\/wp-content\/uploads\/2025\/01\/Screenshot-2025-01-16-110230.png","type":"image\/png"}],"author":"EmilieCuffia","twitter_card":"summary_large_image","twitter_misc":{"\u00c9crit par":"EmilieCuffia","Dur\u00e9e de lecture estim\u00e9e":"2 minutes"},"schema":{"@context":"https:\/\/schema.org","@graph":[{"@type":"Article","@id":"https:\/\/groupeevie.com\/fr-fr\/espace-evie\/un-nouveau-regard-sur-laccompagnement-lexperience-irsam-avec-lapproche-daccompagnement-de-proximite-dinspiration-psychoeducative\/#article","isPartOf":{"@id":"https:\/\/groupeevie.com\/fr-fr\/espace-evie\/un-nouveau-regard-sur-laccompagnement-lexperience-irsam-avec-lapproche-daccompagnement-de-proximite-dinspiration-psychoeducative\/"},"author":{"name":"EmilieCuffia","@id":"https:\/\/groupeevie.com\/fr-fr\/#\/schema\/person\/aae5f69808e33c6fc801f41184cfeb49"},"headline":"Un nouveau regard sur l\u2019accompagnement : l\u2019exp\u00e9rience IRSAM avec l\u2019Approche d\u2019accompagnement de proximit\u00e9 d\u2019inspiration psycho\u00e9ducative","datePublished":"2025-01-16T11:03:41+00:00","dateModified":"2025-01-16T11:05:26+00:00","mainEntityOfPage":{"@id":"https:\/\/groupeevie.com\/fr-fr\/espace-evie\/un-nouveau-regard-sur-laccompagnement-lexperience-irsam-avec-lapproche-daccompagnement-de-proximite-dinspiration-psychoeducative\/"},"wordCount":287,"publisher":{"@id":"https:\/\/groupeevie.com\/fr-fr\/#organization"},"image":{"@id":"https:\/\/groupeevie.com\/fr-fr\/espace-evie\/un-nouveau-regard-sur-laccompagnement-lexperience-irsam-avec-lapproche-daccompagnement-de-proximite-dinspiration-psychoeducative\/#primaryimage"},"thumbnailUrl":"https:\/\/groupeevie.com\/wp-content\/uploads\/2025\/01\/Screenshot-2025-01-16-110230.png","articleSection":["Actualit\u00e9"],"inLanguage":"fr-FR"},{"@type":"WebPage","@id":"https:\/\/groupeevie.com\/fr-fr\/espace-evie\/un-nouveau-regard-sur-laccompagnement-lexperience-irsam-avec-lapproche-daccompagnement-de-proximite-dinspiration-psychoeducative\/","url":"https:\/\/groupeevie.com\/fr-fr\/espace-evie\/un-nouveau-regard-sur-laccompagnement-lexperience-irsam-avec-lapproche-daccompagnement-de-proximite-dinspiration-psychoeducative\/","name":"Un nouveau regard sur l\u2019accompagnement : l\u2019exp\u00e9rience IRSAM avec l\u2019Approche d\u2019accompagnement de proximit\u00e9 d\u2019inspiration psycho\u00e9ducative - Groupe \u00c9vie","isPartOf":{"@id":"https:\/\/groupeevie.com\/fr-fr\/#website"},"primaryImageOfPage":{"@id":"https:\/\/groupeevie.com\/fr-fr\/espace-evie\/un-nouveau-regard-sur-laccompagnement-lexperience-irsam-avec-lapproche-daccompagnement-de-proximite-dinspiration-psychoeducative\/#primaryimage"},"image":{"@id":"https:\/\/groupeevie.com\/fr-fr\/espace-evie\/un-nouveau-regard-sur-laccompagnement-lexperience-irsam-avec-lapproche-daccompagnement-de-proximite-dinspiration-psychoeducative\/#primaryimage"},"thumbnailUrl":"https:\/\/groupeevie.com\/wp-content\/uploads\/2025\/01\/Screenshot-2025-01-16-110230.png","datePublished":"2025-01-16T11:03:41+00:00","dateModified":"2025-01-16T11:05:26+00:00","breadcrumb":{"@id":"https:\/\/groupeevie.com\/fr-fr\/espace-evie\/un-nouveau-regard-sur-laccompagnement-lexperience-irsam-avec-lapproche-daccompagnement-de-proximite-dinspiration-psychoeducative\/#breadcrumb"},"inLanguage":"fr-FR","potentialAction":[{"@type":"ReadAction","target":["https:\/\/groupeevie.com\/fr-fr\/espace-evie\/un-nouveau-regard-sur-laccompagnement-lexperience-irsam-avec-lapproche-daccompagnement-de-proximite-dinspiration-psychoeducative\/"]}]},{"@type":"ImageObject","inLanguage":"fr-FR","@id":"https:\/\/groupeevie.com\/fr-fr\/espace-evie\/un-nouveau-regard-sur-laccompagnement-lexperience-irsam-avec-lapproche-daccompagnement-de-proximite-dinspiration-psychoeducative\/#primaryimage","url":"https:\/\/groupeevie.com\/wp-content\/uploads\/2025\/01\/Screenshot-2025-01-16-110230.png","contentUrl":"https:\/\/groupeevie.com\/wp-content\/uploads\/2025\/01\/Screenshot-2025-01-16-110230.png","width":1904,"height":882},{"@type":"BreadcrumbList","@id":"https:\/\/groupeevie.com\/fr-fr\/espace-evie\/un-nouveau-regard-sur-laccompagnement-lexperience-irsam-avec-lapproche-daccompagnement-de-proximite-dinspiration-psychoeducative\/#breadcrumb","itemListElement":[{"@type":"ListItem","position":1,"name":"Actualit\u00e9","item":"https:\/\/groupeevie.com\/fr-fr\/espace-evie\/category\/actualite\/"},{"@type":"ListItem","position":2,"name":"Un nouveau regard sur l\u2019accompagnement : l\u2019exp\u00e9rience IRSAM avec l\u2019Approche d\u2019accompagnement de proximit\u00e9 d\u2019inspiration psycho\u00e9ducative"}]},{"@type":"WebSite","@id":"https:\/\/groupeevie.com\/fr-fr\/#website","url":"https:\/\/groupeevie.com\/fr-fr\/","name":"Groupe \u00c9vie","description":"Au coeur de la sant\u00e9 mentale","publisher":{"@id":"https:\/\/groupeevie.com\/fr-fr\/#organization"},"potentialAction":[{"@type":"SearchAction","target":{"@type":"EntryPoint","urlTemplate":"https:\/\/groupeevie.com\/fr-fr\/?s={search_term_string}"},"query-input":{"@type":"PropertyValueSpecification","valueRequired":true,"valueName":"search_term_string"}}],"inLanguage":"fr-FR"},{"@type":"Organization","@id":"https:\/\/groupeevie.com\/fr-fr\/#organization","name":"Groupe \u00c9vie","url":"https:\/\/groupeevie.com\/fr-fr\/","logo":{"@type":"ImageObject","inLanguage":"fr-FR","@id":"https:\/\/groupeevie.com\/fr-fr\/#\/schema\/logo\/image\/","url":"https:\/\/groupeevie.com\/wp-content\/uploads\/2022\/05\/EVIE-logo_rvb-2.png","contentUrl":"https:\/\/groupeevie.com\/wp-content\/uploads\/2022\/05\/EVIE-logo_rvb-2.png","width":1414,"height":611,"caption":"Groupe \u00c9vie"},"image":{"@id":"https:\/\/groupeevie.com\/fr-fr\/#\/schema\/logo\/image\/"}},{"@type":"Person","@id":"https:\/\/groupeevie.com\/fr-fr\/#\/schema\/person\/aae5f69808e33c6fc801f41184cfeb49","name":"EmilieCuffia","url":"https:\/\/groupeevie.com\/fr-fr\/espace-evie\/author\/emiliecuffia\/"}]}},"author_meta":{"display_name":"EmilieCuffia","author_link":"https:\/\/groupeevie.com\/fr-fr\/espace-evie\/author\/emiliecuffia\/"},"featured_img":"https:\/\/groupeevie.com\/wp-content\/uploads\/2025\/01\/Screenshot-2025-01-16-110230-300x139.png","coauthors":[],"tax_additional":{"categories":{"linked":["<a href=\"https:\/\/groupeevie.com\/fr-fr\/espace-evie\/category\/actualite\/\" class=\"advgb-post-tax-term\">Actualit\u00e9<\/a>"],"unlinked":["<span class=\"advgb-post-tax-term\">Actualit\u00e9<\/span>"]}},"comment_count":"0","relative_dates":{"created":"Publi\u00e9 1 an il y a","modified":"Mis \u00e0 jour 1 an il y a"},"absolute_dates":{"created":"Publi\u00e9 le 16 janvier 2025","modified":"Mise \u00e0 jour le 16 janvier 2025"},"absolute_dates_time":{"created":"Publi\u00e9 le 16 janvier 2025 6h03","modified":"Mise \u00e0 jour le 16 janvier 2025 6h05"},"featured_img_caption":"","series_order":"","_links":{"self":[{"href":"https:\/\/groupeevie.com\/fr-fr\/wp-json\/wp\/v2\/posts\/5485","targetHints":{"allow":["GET"]}}],"collection":[{"href":"https:\/\/groupeevie.com\/fr-fr\/wp-json\/wp\/v2\/posts"}],"about":[{"href":"https:\/\/groupeevie.com\/fr-fr\/wp-json\/wp\/v2\/types\/post"}],"author":[{"embeddable":true,"href":"https:\/\/groupeevie.com\/fr-fr\/wp-json\/wp\/v2\/users\/3"}],"replies":[{"embeddable":true,"href":"https:\/\/groupeevie.com\/fr-fr\/wp-json\/wp\/v2\/comments?post=5485"}],"version-history":[{"count":1,"href":"https:\/\/groupeevie.com\/fr-fr\/wp-json\/wp\/v2\/posts\/5485\/revisions"}],"predecessor-version":[{"id":5486,"href":"https:\/\/groupeevie.com\/fr-fr\/wp-json\/wp\/v2\/posts\/5485\/revisions\/5486"}],"wp:featuredmedia":[{"embeddable":true,"href":"https:\/\/groupeevie.com\/fr-fr\/wp-json\/wp\/v2\/media\/5483"}],"wp:attachment":[{"href":"https:\/\/groupeevie.com\/fr-fr\/wp-json\/wp\/v2\/media?parent=5485"}],"wp:term":[{"taxonomy":"category","embeddable":true,"href":"https:\/\/groupeevie.com\/fr-fr\/wp-json\/wp\/v2\/categories?post=5485"},{"taxonomy":"post_tag","embeddable":true,"href":"https:\/\/groupeevie.com\/fr-fr\/wp-json\/wp\/v2\/tags?post=5485"}],"curies":[{"name":"wp","href":"https:\/\/api.w.org\/{rel}","templated":true}]}}