{"id":6104,"date":"2025-01-21T07:42:38","date_gmt":"2025-01-21T12:42:38","guid":{"rendered":"https:\/\/groupeevie.com\/espace-evie\/4-outils-pour-ameliorer-vos-relations-grace-a-la-communication-non-violente\/"},"modified":"2025-10-14T11:17:51","modified_gmt":"2025-10-14T15:17:51","slug":"4-outils-pour-ameliorer-vos-relations-grace-a-la-communication-non-violente","status":"publish","type":"post","link":"https:\/\/groupeevie.com\/fr-fr\/espace-evie\/4-outils-pour-ameliorer-vos-relations-grace-a-la-communication-non-violente\/","title":{"rendered":"4 outils pour am\u00e9liorer vos relations gr\u00e2ce \u00e0 la communication non violente"},"content":{"rendered":"\n<div class=\"wp-block-group content-block\"><div class=\"wp-block-group__inner-container is-layout-constrained wp-block-group-is-layout-constrained\">\n<p>Nos modes de communication influencent profond\u00e9ment nos relations et notre bien-\u00eatre, tant sur le plan personnel que professionnel. Pourtant, face \u00e0 des situations d\u00e9licates ou des conflits, nous nous retrouvons souvent \u00e0 court de solutions pour transmettre un message sans compromettre la relation.<\/p>\n\n\n\n<p>La communication non violente (CNV) offre des outils simples et concrets pour naviguer dans ces moments sensibles. Voici 4 outils pratiques \u00e0 d\u00e9couvrir pour transformer vos interactions et maintenir des relations saines et responsabilisantes :<\/p>\n\n\n\n<div class=\"wp-block-columns is-layout-flex wp-container-core-columns-is-layout-9d6595d7 wp-block-columns-is-layout-flex\">\n<div class=\"wp-block-column has-beige-light-background-color has-background box is-layout-flow wp-block-column-is-layout-flow\">\n<h3 class=\"wp-block-heading\"><strong>1. Adoptez l\u2019\u00e9coute active<\/strong><\/h3>\n\n\n\n<p>Prenez le temps d\u2019\u00e9couter pleinement votre interlocuteur, sans jugement ni interruption, pour d\u00e9samorcer les tensions et valoriser leur point de vue.<\/p>\n<\/div>\n\n\n\n<div class=\"wp-block-column has-orange-light-background-color has-background box is-layout-flow wp-block-column-is-layout-flow\">\n<h3 class=\"wp-block-heading\"><strong>2. Cultivez l&#8217;empathie<\/strong><\/h3>\n\n\n\n<p>Essayez de comprendre ce que l\u2019autre ressent et pourquoi. L&#8217;empathie est essentielle pour apaiser les tensions et renforcer les liens.<\/p>\n<\/div>\n<\/div>\n\n\n\n<div class=\"wp-block-columns is-layout-flex wp-container-core-columns-is-layout-9d6595d7 wp-block-columns-is-layout-flex\">\n<div class=\"wp-block-column has-orange-light-background-color has-background box is-layout-flow wp-block-column-is-layout-flow\">\n<h3 class=\"wp-block-heading\"><strong>3. Prenez la responsabilit\u00e9 de vos \u00e9motions<\/strong><\/h3>\n\n\n\n<p>Reconnaissez que vos \u00e9motions d\u00e9coulent de vos besoins, pas des actions des autres. Cela \u00e9vite les reproches et favorise une communication claire.<\/p>\n<\/div>\n\n\n\n<div class=\"wp-block-column has-beige-light-background-color has-background box is-layout-flow wp-block-column-is-layout-flow\">\n<h3 class=\"wp-block-heading\"><strong>4. Pratiquez la bienveillance envers vous-m\u00eame<\/strong><\/h3>\n\n\n\n<p>Soyez bienveillant dans votre dialogue int\u00e9rieur pour favoriser votre \u00e9quilibre \u00e9motionnel et am\u00e9liorer vos interactions avec les autres.<\/p>\n<\/div>\n<\/div>\n\n\n\n<div style=\"height:17px\" aria-hidden=\"true\" class=\"wp-block-spacer\"><\/div>\n<\/div><\/div>\n\n\n\n<p><\/p>\n","protected":false},"excerpt":{"rendered":"<p>Nos modes de communication influencent profond\u00e9ment nos relations et notre bien-\u00eatre, tant sur le plan personnel que professionnel. Pourtant, face \u00e0 des situations d\u00e9licates ou des conflits, nous nous retrouvons [&hellip;]<\/p>\n","protected":false},"author":3,"featured_media":5496,"comment_status":"closed","ping_status":"closed","sticky":false,"template":"","format":"standard","meta":{"_acf_changed":false,"inline_featured_image":false,"advgb_blocks_editor_width":"","advgb_blocks_columns_visual_guide":"","_price":"","_stock":"","_tribe_ticket_header":"","_tribe_default_ticket_provider":"","_tribe_ticket_capacity":"0","_ticket_start_date":"","_ticket_end_date":"","_tribe_ticket_show_description":"","_tribe_ticket_show_not_going":false,"_tribe_ticket_use_global_stock":"","_tribe_ticket_global_stock_level":"","_global_stock_mode":"","_global_stock_cap":"","_tribe_rsvp_for_event":"","_tribe_ticket_going_count":"","_tribe_ticket_not_going_count":"","_tribe_tickets_list":"[]","_tribe_ticket_has_attendee_info_fields":false,"footnotes":""},"categories":[156,165,157],"tags":[],"class_list":["post-6104","post","type-post","status-publish","format-standard","has-post-thumbnail","hentry","category-actualites-fr-fr","category-outils-bien-etre-au-travail","category-pme-et-grandes-entreprises-fr-fr"],"acf":[],"yoast_head":"<!-- This site is optimized with the Yoast SEO plugin v27.2 - https:\/\/yoast.com\/product\/yoast-seo-wordpress\/ -->\n<title>4 outils pour am\u00e9liorer vos relations gr\u00e2ce \u00e0 la communication non violente - Groupe \u00c9vie<\/title>\n<meta name=\"robots\" content=\"index, follow, max-snippet:-1, max-image-preview:large, max-video-preview:-1\" \/>\n<link rel=\"canonical\" href=\"https:\/\/groupeevie.com\/fr-fr\/espace-evie\/4-outils-pour-ameliorer-vos-relations-grace-a-la-communication-non-violente\/\" \/>\n<meta property=\"og:locale\" content=\"fr_FR\" \/>\n<meta property=\"og:type\" content=\"article\" \/>\n<meta property=\"og:title\" content=\"4 outils pour am\u00e9liorer vos relations gr\u00e2ce \u00e0 la communication non violente - Groupe \u00c9vie\" \/>\n<meta property=\"og:description\" content=\"Nos modes de communication influencent profond\u00e9ment nos relations et notre bien-\u00eatre, tant sur le plan personnel que professionnel. Pourtant, face \u00e0 des situations d\u00e9licates ou des conflits, nous nous retrouvons [&hellip;]\" \/>\n<meta property=\"og:url\" content=\"https:\/\/groupeevie.com\/fr-fr\/espace-evie\/4-outils-pour-ameliorer-vos-relations-grace-a-la-communication-non-violente\/\" \/>\n<meta property=\"og:site_name\" content=\"Groupe \u00c9vie\" \/>\n<meta property=\"article:published_time\" content=\"2025-01-21T12:42:38+00:00\" \/>\n<meta property=\"article:modified_time\" content=\"2025-10-14T15:17:51+00:00\" \/>\n<meta property=\"og:image\" content=\"https:\/\/groupeevie.com\/wp-content\/uploads\/2025\/01\/Intervention-post-evenement-critique-IPEC-en-milieu-de-travail-1024x577.png\" \/>\n\t<meta property=\"og:image:width\" content=\"1024\" \/>\n\t<meta property=\"og:image:height\" content=\"577\" \/>\n\t<meta property=\"og:image:type\" content=\"image\/png\" \/>\n<meta name=\"author\" content=\"EmilieCuffia\" \/>\n<meta name=\"twitter:card\" content=\"summary_large_image\" \/>\n<meta name=\"twitter:label1\" content=\"\u00c9crit par\" \/>\n\t<meta name=\"twitter:data1\" content=\"EmilieCuffia\" \/>\n\t<meta name=\"twitter:label2\" content=\"Dur\u00e9e de lecture estim\u00e9e\" \/>\n\t<meta name=\"twitter:data2\" content=\"2 minutes\" \/>\n<script type=\"application\/ld+json\" class=\"yoast-schema-graph\">{\"@context\":\"https:\/\/schema.org\",\"@graph\":[{\"@type\":\"Article\",\"@id\":\"https:\/\/groupeevie.com\/fr-fr\/espace-evie\/4-outils-pour-ameliorer-vos-relations-grace-a-la-communication-non-violente\/#article\",\"isPartOf\":{\"@id\":\"https:\/\/groupeevie.com\/fr-fr\/espace-evie\/4-outils-pour-ameliorer-vos-relations-grace-a-la-communication-non-violente\/\"},\"author\":{\"name\":\"EmilieCuffia\",\"@id\":\"https:\/\/groupeevie.com\/fr-fr\/#\/schema\/person\/aae5f69808e33c6fc801f41184cfeb49\"},\"headline\":\"4 outils pour am\u00e9liorer vos relations gr\u00e2ce \u00e0 la communication non violente\",\"datePublished\":\"2025-01-21T12:42:38+00:00\",\"dateModified\":\"2025-10-14T15:17:51+00:00\",\"mainEntityOfPage\":{\"@id\":\"https:\/\/groupeevie.com\/fr-fr\/espace-evie\/4-outils-pour-ameliorer-vos-relations-grace-a-la-communication-non-violente\/\"},\"wordCount\":196,\"publisher\":{\"@id\":\"https:\/\/groupeevie.com\/fr-fr\/#organization\"},\"image\":{\"@id\":\"https:\/\/groupeevie.com\/fr-fr\/espace-evie\/4-outils-pour-ameliorer-vos-relations-grace-a-la-communication-non-violente\/#primaryimage\"},\"thumbnailUrl\":\"https:\/\/groupeevie.com\/wp-content\/uploads\/2025\/01\/Intervention-post-evenement-critique-IPEC-en-milieu-de-travail.png\",\"articleSection\":[\"Actualit\u00e9s Groupe \u00c9vie\",\"Outils - Bien-\u00eatre au travail\",\"PME et grandes entreprises\"],\"inLanguage\":\"fr-FR\"},{\"@type\":\"WebPage\",\"@id\":\"https:\/\/groupeevie.com\/fr-fr\/espace-evie\/4-outils-pour-ameliorer-vos-relations-grace-a-la-communication-non-violente\/\",\"url\":\"https:\/\/groupeevie.com\/fr-fr\/espace-evie\/4-outils-pour-ameliorer-vos-relations-grace-a-la-communication-non-violente\/\",\"name\":\"4 outils pour am\u00e9liorer vos relations gr\u00e2ce \u00e0 la communication non violente - Groupe \u00c9vie\",\"isPartOf\":{\"@id\":\"https:\/\/groupeevie.com\/fr-fr\/#website\"},\"primaryImageOfPage\":{\"@id\":\"https:\/\/groupeevie.com\/fr-fr\/espace-evie\/4-outils-pour-ameliorer-vos-relations-grace-a-la-communication-non-violente\/#primaryimage\"},\"image\":{\"@id\":\"https:\/\/groupeevie.com\/fr-fr\/espace-evie\/4-outils-pour-ameliorer-vos-relations-grace-a-la-communication-non-violente\/#primaryimage\"},\"thumbnailUrl\":\"https:\/\/groupeevie.com\/wp-content\/uploads\/2025\/01\/Intervention-post-evenement-critique-IPEC-en-milieu-de-travail.png\",\"datePublished\":\"2025-01-21T12:42:38+00:00\",\"dateModified\":\"2025-10-14T15:17:51+00:00\",\"breadcrumb\":{\"@id\":\"https:\/\/groupeevie.com\/fr-fr\/espace-evie\/4-outils-pour-ameliorer-vos-relations-grace-a-la-communication-non-violente\/#breadcrumb\"},\"inLanguage\":\"fr-FR\",\"potentialAction\":[{\"@type\":\"ReadAction\",\"target\":[\"https:\/\/groupeevie.com\/fr-fr\/espace-evie\/4-outils-pour-ameliorer-vos-relations-grace-a-la-communication-non-violente\/\"]}]},{\"@type\":\"ImageObject\",\"inLanguage\":\"fr-FR\",\"@id\":\"https:\/\/groupeevie.com\/fr-fr\/espace-evie\/4-outils-pour-ameliorer-vos-relations-grace-a-la-communication-non-violente\/#primaryimage\",\"url\":\"https:\/\/groupeevie.com\/wp-content\/uploads\/2025\/01\/Intervention-post-evenement-critique-IPEC-en-milieu-de-travail.png\",\"contentUrl\":\"https:\/\/groupeevie.com\/wp-content\/uploads\/2025\/01\/Intervention-post-evenement-critique-IPEC-en-milieu-de-travail.png\",\"width\":1640,\"height\":924},{\"@type\":\"BreadcrumbList\",\"@id\":\"https:\/\/groupeevie.com\/fr-fr\/espace-evie\/4-outils-pour-ameliorer-vos-relations-grace-a-la-communication-non-violente\/#breadcrumb\",\"itemListElement\":[{\"@type\":\"ListItem\",\"position\":1,\"name\":\"Actualit\u00e9s Groupe \u00c9vie\",\"item\":\"https:\/\/groupeevie.com\/fr-fr\/espace-evie\/category\/actualites-fr-fr\/\"},{\"@type\":\"ListItem\",\"position\":2,\"name\":\"4 outils pour am\u00e9liorer vos relations gr\u00e2ce \u00e0 la communication non violente\"}]},{\"@type\":\"WebSite\",\"@id\":\"https:\/\/groupeevie.com\/fr-fr\/#website\",\"url\":\"https:\/\/groupeevie.com\/fr-fr\/\",\"name\":\"Groupe \u00c9vie\",\"description\":\"Au coeur de la sant\u00e9 mentale\",\"publisher\":{\"@id\":\"https:\/\/groupeevie.com\/fr-fr\/#organization\"},\"potentialAction\":[{\"@type\":\"SearchAction\",\"target\":{\"@type\":\"EntryPoint\",\"urlTemplate\":\"https:\/\/groupeevie.com\/fr-fr\/?s={search_term_string}\"},\"query-input\":{\"@type\":\"PropertyValueSpecification\",\"valueRequired\":true,\"valueName\":\"search_term_string\"}}],\"inLanguage\":\"fr-FR\"},{\"@type\":\"Organization\",\"@id\":\"https:\/\/groupeevie.com\/fr-fr\/#organization\",\"name\":\"Groupe \u00c9vie\",\"url\":\"https:\/\/groupeevie.com\/fr-fr\/\",\"logo\":{\"@type\":\"ImageObject\",\"inLanguage\":\"fr-FR\",\"@id\":\"https:\/\/groupeevie.com\/fr-fr\/#\/schema\/logo\/image\/\",\"url\":\"https:\/\/groupeevie.com\/wp-content\/uploads\/2022\/05\/EVIE-logo_rvb-2.png\",\"contentUrl\":\"https:\/\/groupeevie.com\/wp-content\/uploads\/2022\/05\/EVIE-logo_rvb-2.png\",\"width\":1414,\"height\":611,\"caption\":\"Groupe \u00c9vie\"},\"image\":{\"@id\":\"https:\/\/groupeevie.com\/fr-fr\/#\/schema\/logo\/image\/\"}},{\"@type\":\"Person\",\"@id\":\"https:\/\/groupeevie.com\/fr-fr\/#\/schema\/person\/aae5f69808e33c6fc801f41184cfeb49\",\"name\":\"EmilieCuffia\",\"url\":\"https:\/\/groupeevie.com\/fr-fr\/espace-evie\/author\/emiliecuffia\/\"}]}<\/script>\n<!-- \/ Yoast SEO plugin. -->","yoast_head_json":{"title":"4 outils pour am\u00e9liorer vos relations gr\u00e2ce \u00e0 la communication non violente - Groupe \u00c9vie","robots":{"index":"index","follow":"follow","max-snippet":"max-snippet:-1","max-image-preview":"max-image-preview:large","max-video-preview":"max-video-preview:-1"},"canonical":"https:\/\/groupeevie.com\/fr-fr\/espace-evie\/4-outils-pour-ameliorer-vos-relations-grace-a-la-communication-non-violente\/","og_locale":"fr_FR","og_type":"article","og_title":"4 outils pour am\u00e9liorer vos relations gr\u00e2ce \u00e0 la communication non violente - Groupe \u00c9vie","og_description":"Nos modes de communication influencent profond\u00e9ment nos relations et notre bien-\u00eatre, tant sur le plan personnel que professionnel. Pourtant, face \u00e0 des situations d\u00e9licates ou des conflits, nous nous retrouvons [&hellip;]","og_url":"https:\/\/groupeevie.com\/fr-fr\/espace-evie\/4-outils-pour-ameliorer-vos-relations-grace-a-la-communication-non-violente\/","og_site_name":"Groupe \u00c9vie","article_published_time":"2025-01-21T12:42:38+00:00","article_modified_time":"2025-10-14T15:17:51+00:00","og_image":[{"width":1024,"height":577,"url":"https:\/\/groupeevie.com\/wp-content\/uploads\/2025\/01\/Intervention-post-evenement-critique-IPEC-en-milieu-de-travail-1024x577.png","type":"image\/png"}],"author":"EmilieCuffia","twitter_card":"summary_large_image","twitter_misc":{"\u00c9crit par":"EmilieCuffia","Dur\u00e9e de lecture estim\u00e9e":"2 minutes"},"schema":{"@context":"https:\/\/schema.org","@graph":[{"@type":"Article","@id":"https:\/\/groupeevie.com\/fr-fr\/espace-evie\/4-outils-pour-ameliorer-vos-relations-grace-a-la-communication-non-violente\/#article","isPartOf":{"@id":"https:\/\/groupeevie.com\/fr-fr\/espace-evie\/4-outils-pour-ameliorer-vos-relations-grace-a-la-communication-non-violente\/"},"author":{"name":"EmilieCuffia","@id":"https:\/\/groupeevie.com\/fr-fr\/#\/schema\/person\/aae5f69808e33c6fc801f41184cfeb49"},"headline":"4 outils pour am\u00e9liorer vos relations gr\u00e2ce \u00e0 la communication non violente","datePublished":"2025-01-21T12:42:38+00:00","dateModified":"2025-10-14T15:17:51+00:00","mainEntityOfPage":{"@id":"https:\/\/groupeevie.com\/fr-fr\/espace-evie\/4-outils-pour-ameliorer-vos-relations-grace-a-la-communication-non-violente\/"},"wordCount":196,"publisher":{"@id":"https:\/\/groupeevie.com\/fr-fr\/#organization"},"image":{"@id":"https:\/\/groupeevie.com\/fr-fr\/espace-evie\/4-outils-pour-ameliorer-vos-relations-grace-a-la-communication-non-violente\/#primaryimage"},"thumbnailUrl":"https:\/\/groupeevie.com\/wp-content\/uploads\/2025\/01\/Intervention-post-evenement-critique-IPEC-en-milieu-de-travail.png","articleSection":["Actualit\u00e9s Groupe \u00c9vie","Outils - Bien-\u00eatre au travail","PME et grandes entreprises"],"inLanguage":"fr-FR"},{"@type":"WebPage","@id":"https:\/\/groupeevie.com\/fr-fr\/espace-evie\/4-outils-pour-ameliorer-vos-relations-grace-a-la-communication-non-violente\/","url":"https:\/\/groupeevie.com\/fr-fr\/espace-evie\/4-outils-pour-ameliorer-vos-relations-grace-a-la-communication-non-violente\/","name":"4 outils pour am\u00e9liorer vos relations gr\u00e2ce \u00e0 la communication non violente - Groupe \u00c9vie","isPartOf":{"@id":"https:\/\/groupeevie.com\/fr-fr\/#website"},"primaryImageOfPage":{"@id":"https:\/\/groupeevie.com\/fr-fr\/espace-evie\/4-outils-pour-ameliorer-vos-relations-grace-a-la-communication-non-violente\/#primaryimage"},"image":{"@id":"https:\/\/groupeevie.com\/fr-fr\/espace-evie\/4-outils-pour-ameliorer-vos-relations-grace-a-la-communication-non-violente\/#primaryimage"},"thumbnailUrl":"https:\/\/groupeevie.com\/wp-content\/uploads\/2025\/01\/Intervention-post-evenement-critique-IPEC-en-milieu-de-travail.png","datePublished":"2025-01-21T12:42:38+00:00","dateModified":"2025-10-14T15:17:51+00:00","breadcrumb":{"@id":"https:\/\/groupeevie.com\/fr-fr\/espace-evie\/4-outils-pour-ameliorer-vos-relations-grace-a-la-communication-non-violente\/#breadcrumb"},"inLanguage":"fr-FR","potentialAction":[{"@type":"ReadAction","target":["https:\/\/groupeevie.com\/fr-fr\/espace-evie\/4-outils-pour-ameliorer-vos-relations-grace-a-la-communication-non-violente\/"]}]},{"@type":"ImageObject","inLanguage":"fr-FR","@id":"https:\/\/groupeevie.com\/fr-fr\/espace-evie\/4-outils-pour-ameliorer-vos-relations-grace-a-la-communication-non-violente\/#primaryimage","url":"https:\/\/groupeevie.com\/wp-content\/uploads\/2025\/01\/Intervention-post-evenement-critique-IPEC-en-milieu-de-travail.png","contentUrl":"https:\/\/groupeevie.com\/wp-content\/uploads\/2025\/01\/Intervention-post-evenement-critique-IPEC-en-milieu-de-travail.png","width":1640,"height":924},{"@type":"BreadcrumbList","@id":"https:\/\/groupeevie.com\/fr-fr\/espace-evie\/4-outils-pour-ameliorer-vos-relations-grace-a-la-communication-non-violente\/#breadcrumb","itemListElement":[{"@type":"ListItem","position":1,"name":"Actualit\u00e9s Groupe \u00c9vie","item":"https:\/\/groupeevie.com\/fr-fr\/espace-evie\/category\/actualites-fr-fr\/"},{"@type":"ListItem","position":2,"name":"4 outils pour am\u00e9liorer vos relations gr\u00e2ce \u00e0 la communication non violente"}]},{"@type":"WebSite","@id":"https:\/\/groupeevie.com\/fr-fr\/#website","url":"https:\/\/groupeevie.com\/fr-fr\/","name":"Groupe \u00c9vie","description":"Au coeur de la sant\u00e9 mentale","publisher":{"@id":"https:\/\/groupeevie.com\/fr-fr\/#organization"},"potentialAction":[{"@type":"SearchAction","target":{"@type":"EntryPoint","urlTemplate":"https:\/\/groupeevie.com\/fr-fr\/?s={search_term_string}"},"query-input":{"@type":"PropertyValueSpecification","valueRequired":true,"valueName":"search_term_string"}}],"inLanguage":"fr-FR"},{"@type":"Organization","@id":"https:\/\/groupeevie.com\/fr-fr\/#organization","name":"Groupe \u00c9vie","url":"https:\/\/groupeevie.com\/fr-fr\/","logo":{"@type":"ImageObject","inLanguage":"fr-FR","@id":"https:\/\/groupeevie.com\/fr-fr\/#\/schema\/logo\/image\/","url":"https:\/\/groupeevie.com\/wp-content\/uploads\/2022\/05\/EVIE-logo_rvb-2.png","contentUrl":"https:\/\/groupeevie.com\/wp-content\/uploads\/2022\/05\/EVIE-logo_rvb-2.png","width":1414,"height":611,"caption":"Groupe \u00c9vie"},"image":{"@id":"https:\/\/groupeevie.com\/fr-fr\/#\/schema\/logo\/image\/"}},{"@type":"Person","@id":"https:\/\/groupeevie.com\/fr-fr\/#\/schema\/person\/aae5f69808e33c6fc801f41184cfeb49","name":"EmilieCuffia","url":"https:\/\/groupeevie.com\/fr-fr\/espace-evie\/author\/emiliecuffia\/"}]}},"author_meta":{"display_name":"EmilieCuffia","author_link":"https:\/\/groupeevie.com\/fr-fr\/espace-evie\/author\/emiliecuffia\/"},"featured_img":"https:\/\/groupeevie.com\/wp-content\/uploads\/2025\/01\/Intervention-post-evenement-critique-IPEC-en-milieu-de-travail-300x169.png","coauthors":[],"tax_additional":{"categories":{"linked":["<a href=\"https:\/\/groupeevie.com\/fr-fr\/espace-evie\/category\/actualites-fr-fr\/\" class=\"advgb-post-tax-term\">Actualit\u00e9s Groupe \u00c9vie<\/a>","<a href=\"https:\/\/groupeevie.com\/fr-fr\/espace-evie\/category\/outils-bien-etre-au-travail\/\" class=\"advgb-post-tax-term\">Outils - Bien-\u00eatre au travail<\/a>","<a href=\"https:\/\/groupeevie.com\/fr-fr\/espace-evie\/category\/pme-et-grandes-entreprises-fr-fr\/\" class=\"advgb-post-tax-term\">PME et grandes entreprises<\/a>"],"unlinked":["<span class=\"advgb-post-tax-term\">Actualit\u00e9s Groupe \u00c9vie<\/span>","<span class=\"advgb-post-tax-term\">Outils - Bien-\u00eatre au travail<\/span>","<span class=\"advgb-post-tax-term\">PME et grandes entreprises<\/span>"]}},"comment_count":"0","relative_dates":{"created":"Publi\u00e9 1 an il y a","modified":"Mis \u00e0 jour 7 mois il y a"},"absolute_dates":{"created":"Publi\u00e9 le 21 janvier 2025","modified":"Mise \u00e0 jour le 14 octobre 2025"},"absolute_dates_time":{"created":"Publi\u00e9 le 21 janvier 2025 7h42","modified":"Mise \u00e0 jour le 14 octobre 2025 11h17"},"featured_img_caption":"","series_order":"","_links":{"self":[{"href":"https:\/\/groupeevie.com\/fr-fr\/wp-json\/wp\/v2\/posts\/6104","targetHints":{"allow":["GET"]}}],"collection":[{"href":"https:\/\/groupeevie.com\/fr-fr\/wp-json\/wp\/v2\/posts"}],"about":[{"href":"https:\/\/groupeevie.com\/fr-fr\/wp-json\/wp\/v2\/types\/post"}],"author":[{"embeddable":true,"href":"https:\/\/groupeevie.com\/fr-fr\/wp-json\/wp\/v2\/users\/3"}],"replies":[{"embeddable":true,"href":"https:\/\/groupeevie.com\/fr-fr\/wp-json\/wp\/v2\/comments?post=6104"}],"version-history":[{"count":1,"href":"https:\/\/groupeevie.com\/fr-fr\/wp-json\/wp\/v2\/posts\/6104\/revisions"}],"predecessor-version":[{"id":6106,"href":"https:\/\/groupeevie.com\/fr-fr\/wp-json\/wp\/v2\/posts\/6104\/revisions\/6106"}],"wp:featuredmedia":[{"embeddable":true,"href":"https:\/\/groupeevie.com\/fr-fr\/wp-json\/wp\/v2\/media\/5496"}],"wp:attachment":[{"href":"https:\/\/groupeevie.com\/fr-fr\/wp-json\/wp\/v2\/media?parent=6104"}],"wp:term":[{"taxonomy":"category","embeddable":true,"href":"https:\/\/groupeevie.com\/fr-fr\/wp-json\/wp\/v2\/categories?post=6104"},{"taxonomy":"post_tag","embeddable":true,"href":"https:\/\/groupeevie.com\/fr-fr\/wp-json\/wp\/v2\/tags?post=6104"}],"curies":[{"name":"wp","href":"https:\/\/api.w.org\/{rel}","templated":true}]}}