{"id":6111,"date":"2024-07-18T05:13:24","date_gmt":"2024-07-18T09:13:24","guid":{"rendered":"https:\/\/groupeevie.com\/espace-evie\/quelles-mesures-les-employeurs-peuvent-ils-prendre-pour-prevenir-les-blessures-psychologiques-au-travail\/"},"modified":"2025-10-14T11:20:50","modified_gmt":"2025-10-14T15:20:50","slug":"quelles-mesures-les-employeurs-peuvent-ils-prendre-pour-prevenir-les-blessures-psychologiques-au-travail","status":"publish","type":"post","link":"https:\/\/groupeevie.com\/fr-fr\/espace-evie\/quelles-mesures-les-employeurs-peuvent-ils-prendre-pour-prevenir-les-blessures-psychologiques-au-travail\/","title":{"rendered":"Quelles mesures les employeurs peuvent-ils prendre pour pr\u00e9venir les blessures psychologiques au travail ?"},"content":{"rendered":"\n<div class=\"wp-block-group content-block\"><div class=\"wp-block-group__inner-container is-layout-constrained wp-block-group-is-layout-constrained\">\n<p><strong>R\u00e9ponse :<\/strong> Les employeurs peuvent adopter plusieurs mesures pr\u00e9ventives, telles que :<\/p>\n\n\n\n<ol class=\"wp-block-list\">\n<li><strong>Promotion d&rsquo;un environnement de travail positif :<\/strong> Entre autres, encourager le respect, la collaboration et la communication ouverte.<\/li>\n\n\n\n<li><strong>Formation et sensibilisation :<\/strong> Offrir des formations sur la gestion du stress, la r\u00e9silience et la reconnaissance des signes de d\u00e9tresse psychologique.<\/li>\n\n\n\n<li><strong>\u00c9quilibre travail-vie personnelle :<\/strong> Favoriser des horaires de travail flexibles et encourager les pauses r\u00e9guli\u00e8res.<\/li>\n\n\n\n<li><strong>Soutien et ressources :<\/strong> Mettre en place des programmes de soutien, tels que l&rsquo;acc\u00e8s \u00e0 des services de counseling et des lignes d&rsquo;\u00e9coute.<\/li>\n\n\n\n<li><strong>Gestion proactive des conflits :<\/strong> Aborder rapidement et efficacement les conflits interpersonnels ou organisationnels.<\/li>\n\n\n\n<li><strong>Encourager la reconnaissance :<\/strong> Reconna\u00eetre et valoriser les efforts et les contributions des employ\u00e9s.<\/li>\n<\/ol>\n<\/div><\/div>\n\n\n\n<div class=\"wp-block-group block-cta has-background content-block advgb-dyn-f6c2f6d1\" style=\"background-color:#fef7ef\"><div class=\"wp-block-group__inner-container is-layout-flow wp-block-group-is-layout-flow\">\n<h2 class=\"wp-block-heading has-text-align-center advgb-dyn-64c1122d\">Le Groupe \u00c9vie, au c\u0153ur de la solution!<\/h2>\n\n\n\n<div class=\"wp-block-columns is-layout-flex wp-container-core-columns-is-layout-9d6595d7 wp-block-columns-is-layout-flex\">\n<div class=\"wp-block-column has-white-background-color has-background is-layout-flow wp-block-column-is-layout-flow\">\n<h3 class=\"wp-block-heading has-text-align-center advgb-dyn-090b0e3b\"><strong>Formation<\/strong> &#8211; La sant\u00e9 mentale au travail : <strong>l\u2019humain derri\u00e8re le gestionnaire<\/strong><\/h3>\n\n\n\n<p>Cette formation de 3h offre ainsi un temps d\u2019arr\u00eat et de r\u00e9flexion essentiel aux gestionnaires afin qu\u2019ils soient conscientis\u00e9s \u00e0 l\u2019importance de prendre soin de leur sant\u00e9 mentale et outill\u00e9s dans l\u2019amorce d\u2019un plan concret qui leur redonnera le pouvoir d\u2019agir sur un concept parfois mis de c\u00f4t\u00e9 pour le b\u00e9n\u00e9fice de la productivit\u00e9.<\/p>\n\n\n\n<div class=\"wp-block-buttons is-content-justification-center is-layout-flex wp-container-core-buttons-is-layout-16018d1d wp-block-buttons-is-layout-flex\">\n<div class=\"wp-block-button advgb-dyn-81625619\"><a class=\"wp-block-button__link wp-element-button\" href=\"https:\/\/groupeevie.com\/produit\/la-sante-mentale-au-travail-lhumain-derriere-le-gestionnaire\/\">D\u00e9couvrir la formation<\/a><\/div>\n<\/div>\n<\/div>\n\n\n\n<div class=\"wp-block-column has-white-background-color has-background is-layout-flow wp-block-column-is-layout-flow\">\n<h3 class=\"wp-block-heading has-text-align-center advgb-dyn-94af87fc\"><strong>Atelier <\/strong>&#8211; Le stress en milieu de travail : <strong>prendre soin de soi et de son \u00e9quipe<\/strong><\/h3>\n\n\n\n<p>Outre des connaissances et des outils favorisant la saine gestion du stress dans la vie personnelle et au travail, les participants \u00e0 cet atelier r\u00e9fl\u00e9chiront \u00e0 des strat\u00e9gies \u2013 individuelles et collectives \u2013 \u00e0 mettre en place afin de mieux traverser, en tant qu\u2019\u00e9quipe, les situations stressantes au travail.<\/p>\n\n\n\n<div class=\"wp-block-buttons is-content-justification-center is-layout-flex wp-container-core-buttons-is-layout-16018d1d wp-block-buttons-is-layout-flex\">\n<div class=\"wp-block-button advgb-dyn-5efbdc47\"><a class=\"wp-block-button__link wp-element-button\" href=\"https:\/\/groupeevie.com\/produit\/le-stress-en-milieu-de-travail-prendre-soin-de-soi-et-de-son-equipe\/\">En savoir plus sur l&rsquo;atelier<\/a><\/div>\n<\/div>\n<\/div>\n<\/div>\n<\/div><\/div>\n","protected":false},"excerpt":{"rendered":"<p>R\u00e9ponse : Les employeurs peuvent adopter plusieurs mesures pr\u00e9ventives, telles que : Le Groupe \u00c9vie, au c\u0153ur de la solution! Formation &#8211; La sant\u00e9 mentale au travail : l\u2019humain derri\u00e8re [&hellip;]<\/p>\n","protected":false},"author":3,"featured_media":0,"comment_status":"closed","ping_status":"closed","sticky":false,"template":"","format":"standard","meta":{"_acf_changed":false,"inline_featured_image":false,"advgb_blocks_editor_width":"","advgb_blocks_columns_visual_guide":"","_price":"","_stock":"","_tribe_ticket_header":"","_tribe_default_ticket_provider":"","_tribe_ticket_capacity":"0","_ticket_start_date":"","_ticket_end_date":"","_tribe_ticket_show_description":"","_tribe_ticket_show_not_going":false,"_tribe_ticket_use_global_stock":"","_tribe_ticket_global_stock_level":"","_global_stock_mode":"","_global_stock_cap":"","_tribe_rsvp_for_event":"","_tribe_ticket_going_count":"","_tribe_ticket_not_going_count":"","_tribe_tickets_list":"[]","_tribe_ticket_has_attendee_info_fields":false,"footnotes":""},"categories":[156,167,165,157],"tags":[],"class_list":["post-6111","post","type-post","status-publish","format-standard","hentry","category-actualites-fr-fr","category-developpement-professionnel-fr-fr","category-outils-bien-etre-au-travail","category-pme-et-grandes-entreprises-fr-fr"],"acf":[],"yoast_head":"<!-- This site is optimized with the Yoast SEO plugin v27.2 - https:\/\/yoast.com\/product\/yoast-seo-wordpress\/ -->\n<title>Quelles mesures les employeurs peuvent-ils prendre pour pr\u00e9venir les blessures psychologiques au travail ? - Groupe \u00c9vie<\/title>\n<meta name=\"robots\" content=\"index, follow, max-snippet:-1, max-image-preview:large, max-video-preview:-1\" \/>\n<link rel=\"canonical\" href=\"https:\/\/groupeevie.com\/fr-fr\/espace-evie\/quelles-mesures-les-employeurs-peuvent-ils-prendre-pour-prevenir-les-blessures-psychologiques-au-travail\/\" \/>\n<meta property=\"og:locale\" content=\"fr_FR\" \/>\n<meta property=\"og:type\" content=\"article\" \/>\n<meta property=\"og:title\" content=\"Quelles mesures les employeurs peuvent-ils prendre pour pr\u00e9venir les blessures psychologiques au travail ? - Groupe \u00c9vie\" \/>\n<meta property=\"og:description\" content=\"R\u00e9ponse : Les employeurs peuvent adopter plusieurs mesures pr\u00e9ventives, telles que : Le Groupe \u00c9vie, au c\u0153ur de la solution! Formation &#8211; La sant\u00e9 mentale au travail : l\u2019humain derri\u00e8re [&hellip;]\" \/>\n<meta property=\"og:url\" content=\"https:\/\/groupeevie.com\/fr-fr\/espace-evie\/quelles-mesures-les-employeurs-peuvent-ils-prendre-pour-prevenir-les-blessures-psychologiques-au-travail\/\" \/>\n<meta property=\"og:site_name\" content=\"Groupe \u00c9vie\" \/>\n<meta property=\"article:published_time\" content=\"2024-07-18T09:13:24+00:00\" \/>\n<meta property=\"article:modified_time\" content=\"2025-10-14T15:20:50+00:00\" \/>\n<meta name=\"author\" content=\"EmilieCuffia\" \/>\n<meta name=\"twitter:card\" content=\"summary_large_image\" \/>\n<meta name=\"twitter:label1\" content=\"\u00c9crit par\" \/>\n\t<meta name=\"twitter:data1\" content=\"EmilieCuffia\" \/>\n\t<meta name=\"twitter:label2\" content=\"Dur\u00e9e de lecture estim\u00e9e\" \/>\n\t<meta name=\"twitter:data2\" content=\"2 minutes\" \/>\n<script type=\"application\/ld+json\" class=\"yoast-schema-graph\">{\"@context\":\"https:\/\/schema.org\",\"@graph\":[{\"@type\":\"Article\",\"@id\":\"https:\/\/groupeevie.com\/fr-fr\/espace-evie\/quelles-mesures-les-employeurs-peuvent-ils-prendre-pour-prevenir-les-blessures-psychologiques-au-travail\/#article\",\"isPartOf\":{\"@id\":\"https:\/\/groupeevie.com\/fr-fr\/espace-evie\/quelles-mesures-les-employeurs-peuvent-ils-prendre-pour-prevenir-les-blessures-psychologiques-au-travail\/\"},\"author\":{\"name\":\"EmilieCuffia\",\"@id\":\"https:\/\/groupeevie.com\/fr-fr\/#\/schema\/person\/aae5f69808e33c6fc801f41184cfeb49\"},\"headline\":\"Quelles mesures les employeurs peuvent-ils prendre pour pr\u00e9venir les blessures psychologiques au travail ?\",\"datePublished\":\"2024-07-18T09:13:24+00:00\",\"dateModified\":\"2025-10-14T15:20:50+00:00\",\"mainEntityOfPage\":{\"@id\":\"https:\/\/groupeevie.com\/fr-fr\/espace-evie\/quelles-mesures-les-employeurs-peuvent-ils-prendre-pour-prevenir-les-blessures-psychologiques-au-travail\/\"},\"wordCount\":297,\"publisher\":{\"@id\":\"https:\/\/groupeevie.com\/fr-fr\/#organization\"},\"articleSection\":[\"Actualit\u00e9s Groupe \u00c9vie\",\"D\u00e9veloppement professionnel\",\"Outils - Bien-\u00eatre au travail\",\"PME et grandes entreprises\"],\"inLanguage\":\"fr-FR\"},{\"@type\":\"WebPage\",\"@id\":\"https:\/\/groupeevie.com\/fr-fr\/espace-evie\/quelles-mesures-les-employeurs-peuvent-ils-prendre-pour-prevenir-les-blessures-psychologiques-au-travail\/\",\"url\":\"https:\/\/groupeevie.com\/fr-fr\/espace-evie\/quelles-mesures-les-employeurs-peuvent-ils-prendre-pour-prevenir-les-blessures-psychologiques-au-travail\/\",\"name\":\"Quelles mesures les employeurs peuvent-ils prendre pour pr\u00e9venir les blessures psychologiques au travail ? - Groupe \u00c9vie\",\"isPartOf\":{\"@id\":\"https:\/\/groupeevie.com\/fr-fr\/#website\"},\"datePublished\":\"2024-07-18T09:13:24+00:00\",\"dateModified\":\"2025-10-14T15:20:50+00:00\",\"breadcrumb\":{\"@id\":\"https:\/\/groupeevie.com\/fr-fr\/espace-evie\/quelles-mesures-les-employeurs-peuvent-ils-prendre-pour-prevenir-les-blessures-psychologiques-au-travail\/#breadcrumb\"},\"inLanguage\":\"fr-FR\",\"potentialAction\":[{\"@type\":\"ReadAction\",\"target\":[\"https:\/\/groupeevie.com\/fr-fr\/espace-evie\/quelles-mesures-les-employeurs-peuvent-ils-prendre-pour-prevenir-les-blessures-psychologiques-au-travail\/\"]}]},{\"@type\":\"BreadcrumbList\",\"@id\":\"https:\/\/groupeevie.com\/fr-fr\/espace-evie\/quelles-mesures-les-employeurs-peuvent-ils-prendre-pour-prevenir-les-blessures-psychologiques-au-travail\/#breadcrumb\",\"itemListElement\":[{\"@type\":\"ListItem\",\"position\":1,\"name\":\"Outils - Bien-\u00eatre au travail\",\"item\":\"https:\/\/groupeevie.com\/fr-fr\/espace-evie\/category\/outils-bien-etre-au-travail\/\"},{\"@type\":\"ListItem\",\"position\":2,\"name\":\"Quelles mesures les employeurs peuvent-ils prendre pour pr\u00e9venir les blessures psychologiques au travail ?\"}]},{\"@type\":\"WebSite\",\"@id\":\"https:\/\/groupeevie.com\/fr-fr\/#website\",\"url\":\"https:\/\/groupeevie.com\/fr-fr\/\",\"name\":\"Groupe \u00c9vie\",\"description\":\"Au coeur de la sant\u00e9 mentale\",\"publisher\":{\"@id\":\"https:\/\/groupeevie.com\/fr-fr\/#organization\"},\"potentialAction\":[{\"@type\":\"SearchAction\",\"target\":{\"@type\":\"EntryPoint\",\"urlTemplate\":\"https:\/\/groupeevie.com\/fr-fr\/?s={search_term_string}\"},\"query-input\":{\"@type\":\"PropertyValueSpecification\",\"valueRequired\":true,\"valueName\":\"search_term_string\"}}],\"inLanguage\":\"fr-FR\"},{\"@type\":\"Organization\",\"@id\":\"https:\/\/groupeevie.com\/fr-fr\/#organization\",\"name\":\"Groupe \u00c9vie\",\"url\":\"https:\/\/groupeevie.com\/fr-fr\/\",\"logo\":{\"@type\":\"ImageObject\",\"inLanguage\":\"fr-FR\",\"@id\":\"https:\/\/groupeevie.com\/fr-fr\/#\/schema\/logo\/image\/\",\"url\":\"https:\/\/groupeevie.com\/wp-content\/uploads\/2022\/05\/EVIE-logo_rvb-2.png\",\"contentUrl\":\"https:\/\/groupeevie.com\/wp-content\/uploads\/2022\/05\/EVIE-logo_rvb-2.png\",\"width\":1414,\"height\":611,\"caption\":\"Groupe \u00c9vie\"},\"image\":{\"@id\":\"https:\/\/groupeevie.com\/fr-fr\/#\/schema\/logo\/image\/\"}},{\"@type\":\"Person\",\"@id\":\"https:\/\/groupeevie.com\/fr-fr\/#\/schema\/person\/aae5f69808e33c6fc801f41184cfeb49\",\"name\":\"EmilieCuffia\",\"url\":\"https:\/\/groupeevie.com\/fr-fr\/espace-evie\/author\/emiliecuffia\/\"}]}<\/script>\n<!-- \/ Yoast SEO plugin. -->","yoast_head_json":{"title":"Quelles mesures les employeurs peuvent-ils prendre pour pr\u00e9venir les blessures psychologiques au travail ? - Groupe \u00c9vie","robots":{"index":"index","follow":"follow","max-snippet":"max-snippet:-1","max-image-preview":"max-image-preview:large","max-video-preview":"max-video-preview:-1"},"canonical":"https:\/\/groupeevie.com\/fr-fr\/espace-evie\/quelles-mesures-les-employeurs-peuvent-ils-prendre-pour-prevenir-les-blessures-psychologiques-au-travail\/","og_locale":"fr_FR","og_type":"article","og_title":"Quelles mesures les employeurs peuvent-ils prendre pour pr\u00e9venir les blessures psychologiques au travail ? - Groupe \u00c9vie","og_description":"R\u00e9ponse : Les employeurs peuvent adopter plusieurs mesures pr\u00e9ventives, telles que : Le Groupe \u00c9vie, au c\u0153ur de la solution! Formation &#8211; La sant\u00e9 mentale au travail : l\u2019humain derri\u00e8re [&hellip;]","og_url":"https:\/\/groupeevie.com\/fr-fr\/espace-evie\/quelles-mesures-les-employeurs-peuvent-ils-prendre-pour-prevenir-les-blessures-psychologiques-au-travail\/","og_site_name":"Groupe \u00c9vie","article_published_time":"2024-07-18T09:13:24+00:00","article_modified_time":"2025-10-14T15:20:50+00:00","author":"EmilieCuffia","twitter_card":"summary_large_image","twitter_misc":{"\u00c9crit par":"EmilieCuffia","Dur\u00e9e de lecture estim\u00e9e":"2 minutes"},"schema":{"@context":"https:\/\/schema.org","@graph":[{"@type":"Article","@id":"https:\/\/groupeevie.com\/fr-fr\/espace-evie\/quelles-mesures-les-employeurs-peuvent-ils-prendre-pour-prevenir-les-blessures-psychologiques-au-travail\/#article","isPartOf":{"@id":"https:\/\/groupeevie.com\/fr-fr\/espace-evie\/quelles-mesures-les-employeurs-peuvent-ils-prendre-pour-prevenir-les-blessures-psychologiques-au-travail\/"},"author":{"name":"EmilieCuffia","@id":"https:\/\/groupeevie.com\/fr-fr\/#\/schema\/person\/aae5f69808e33c6fc801f41184cfeb49"},"headline":"Quelles mesures les employeurs peuvent-ils prendre pour pr\u00e9venir les blessures psychologiques au travail ?","datePublished":"2024-07-18T09:13:24+00:00","dateModified":"2025-10-14T15:20:50+00:00","mainEntityOfPage":{"@id":"https:\/\/groupeevie.com\/fr-fr\/espace-evie\/quelles-mesures-les-employeurs-peuvent-ils-prendre-pour-prevenir-les-blessures-psychologiques-au-travail\/"},"wordCount":297,"publisher":{"@id":"https:\/\/groupeevie.com\/fr-fr\/#organization"},"articleSection":["Actualit\u00e9s Groupe \u00c9vie","D\u00e9veloppement professionnel","Outils - Bien-\u00eatre au travail","PME et grandes entreprises"],"inLanguage":"fr-FR"},{"@type":"WebPage","@id":"https:\/\/groupeevie.com\/fr-fr\/espace-evie\/quelles-mesures-les-employeurs-peuvent-ils-prendre-pour-prevenir-les-blessures-psychologiques-au-travail\/","url":"https:\/\/groupeevie.com\/fr-fr\/espace-evie\/quelles-mesures-les-employeurs-peuvent-ils-prendre-pour-prevenir-les-blessures-psychologiques-au-travail\/","name":"Quelles mesures les employeurs peuvent-ils prendre pour pr\u00e9venir les blessures psychologiques au travail ? - Groupe \u00c9vie","isPartOf":{"@id":"https:\/\/groupeevie.com\/fr-fr\/#website"},"datePublished":"2024-07-18T09:13:24+00:00","dateModified":"2025-10-14T15:20:50+00:00","breadcrumb":{"@id":"https:\/\/groupeevie.com\/fr-fr\/espace-evie\/quelles-mesures-les-employeurs-peuvent-ils-prendre-pour-prevenir-les-blessures-psychologiques-au-travail\/#breadcrumb"},"inLanguage":"fr-FR","potentialAction":[{"@type":"ReadAction","target":["https:\/\/groupeevie.com\/fr-fr\/espace-evie\/quelles-mesures-les-employeurs-peuvent-ils-prendre-pour-prevenir-les-blessures-psychologiques-au-travail\/"]}]},{"@type":"BreadcrumbList","@id":"https:\/\/groupeevie.com\/fr-fr\/espace-evie\/quelles-mesures-les-employeurs-peuvent-ils-prendre-pour-prevenir-les-blessures-psychologiques-au-travail\/#breadcrumb","itemListElement":[{"@type":"ListItem","position":1,"name":"Outils - Bien-\u00eatre au travail","item":"https:\/\/groupeevie.com\/fr-fr\/espace-evie\/category\/outils-bien-etre-au-travail\/"},{"@type":"ListItem","position":2,"name":"Quelles mesures les employeurs peuvent-ils prendre pour pr\u00e9venir les blessures psychologiques au travail ?"}]},{"@type":"WebSite","@id":"https:\/\/groupeevie.com\/fr-fr\/#website","url":"https:\/\/groupeevie.com\/fr-fr\/","name":"Groupe \u00c9vie","description":"Au coeur de la sant\u00e9 mentale","publisher":{"@id":"https:\/\/groupeevie.com\/fr-fr\/#organization"},"potentialAction":[{"@type":"SearchAction","target":{"@type":"EntryPoint","urlTemplate":"https:\/\/groupeevie.com\/fr-fr\/?s={search_term_string}"},"query-input":{"@type":"PropertyValueSpecification","valueRequired":true,"valueName":"search_term_string"}}],"inLanguage":"fr-FR"},{"@type":"Organization","@id":"https:\/\/groupeevie.com\/fr-fr\/#organization","name":"Groupe \u00c9vie","url":"https:\/\/groupeevie.com\/fr-fr\/","logo":{"@type":"ImageObject","inLanguage":"fr-FR","@id":"https:\/\/groupeevie.com\/fr-fr\/#\/schema\/logo\/image\/","url":"https:\/\/groupeevie.com\/wp-content\/uploads\/2022\/05\/EVIE-logo_rvb-2.png","contentUrl":"https:\/\/groupeevie.com\/wp-content\/uploads\/2022\/05\/EVIE-logo_rvb-2.png","width":1414,"height":611,"caption":"Groupe \u00c9vie"},"image":{"@id":"https:\/\/groupeevie.com\/fr-fr\/#\/schema\/logo\/image\/"}},{"@type":"Person","@id":"https:\/\/groupeevie.com\/fr-fr\/#\/schema\/person\/aae5f69808e33c6fc801f41184cfeb49","name":"EmilieCuffia","url":"https:\/\/groupeevie.com\/fr-fr\/espace-evie\/author\/emiliecuffia\/"}]}},"author_meta":{"display_name":"EmilieCuffia","author_link":"https:\/\/groupeevie.com\/fr-fr\/espace-evie\/author\/emiliecuffia\/"},"featured_img":null,"coauthors":[],"tax_additional":{"categories":{"linked":["<a href=\"https:\/\/groupeevie.com\/fr-fr\/espace-evie\/category\/actualites-fr-fr\/\" class=\"advgb-post-tax-term\">Actualit\u00e9s Groupe \u00c9vie<\/a>","<a href=\"https:\/\/groupeevie.com\/fr-fr\/espace-evie\/category\/developpement-professionnel-fr-fr\/\" class=\"advgb-post-tax-term\">D\u00e9veloppement professionnel<\/a>","<a href=\"https:\/\/groupeevie.com\/fr-fr\/espace-evie\/category\/outils-bien-etre-au-travail\/\" class=\"advgb-post-tax-term\">Outils - Bien-\u00eatre au travail<\/a>","<a href=\"https:\/\/groupeevie.com\/fr-fr\/espace-evie\/category\/pme-et-grandes-entreprises-fr-fr\/\" class=\"advgb-post-tax-term\">PME et grandes entreprises<\/a>"],"unlinked":["<span class=\"advgb-post-tax-term\">Actualit\u00e9s Groupe \u00c9vie<\/span>","<span class=\"advgb-post-tax-term\">D\u00e9veloppement professionnel<\/span>","<span class=\"advgb-post-tax-term\">Outils - Bien-\u00eatre au travail<\/span>","<span class=\"advgb-post-tax-term\">PME et grandes entreprises<\/span>"]}},"comment_count":"0","relative_dates":{"created":"Publi\u00e9 2 ans il y a","modified":"Mis \u00e0 jour 7 mois il y a"},"absolute_dates":{"created":"Publi\u00e9 le 18 juillet 2024","modified":"Mise \u00e0 jour le 14 octobre 2025"},"absolute_dates_time":{"created":"Publi\u00e9 le 18 juillet 2024 5h13","modified":"Mise \u00e0 jour le 14 octobre 2025 11h20"},"featured_img_caption":"","series_order":"","_links":{"self":[{"href":"https:\/\/groupeevie.com\/fr-fr\/wp-json\/wp\/v2\/posts\/6111","targetHints":{"allow":["GET"]}}],"collection":[{"href":"https:\/\/groupeevie.com\/fr-fr\/wp-json\/wp\/v2\/posts"}],"about":[{"href":"https:\/\/groupeevie.com\/fr-fr\/wp-json\/wp\/v2\/types\/post"}],"author":[{"embeddable":true,"href":"https:\/\/groupeevie.com\/fr-fr\/wp-json\/wp\/v2\/users\/3"}],"replies":[{"embeddable":true,"href":"https:\/\/groupeevie.com\/fr-fr\/wp-json\/wp\/v2\/comments?post=6111"}],"version-history":[{"count":1,"href":"https:\/\/groupeevie.com\/fr-fr\/wp-json\/wp\/v2\/posts\/6111\/revisions"}],"predecessor-version":[{"id":6112,"href":"https:\/\/groupeevie.com\/fr-fr\/wp-json\/wp\/v2\/posts\/6111\/revisions\/6112"}],"wp:attachment":[{"href":"https:\/\/groupeevie.com\/fr-fr\/wp-json\/wp\/v2\/media?parent=6111"}],"wp:term":[{"taxonomy":"category","embeddable":true,"href":"https:\/\/groupeevie.com\/fr-fr\/wp-json\/wp\/v2\/categories?post=6111"},{"taxonomy":"post_tag","embeddable":true,"href":"https:\/\/groupeevie.com\/fr-fr\/wp-json\/wp\/v2\/tags?post=6111"}],"curies":[{"name":"wp","href":"https:\/\/api.w.org\/{rel}","templated":true}]}}